{"id":9862,"date":"2025-10-10T06:48:54","date_gmt":"2025-10-10T09:48:54","guid":{"rendered":"https:\/\/capeco.org.py\/?p=9862"},"modified":"2025-10-10T06:50:30","modified_gmt":"2025-10-10T09:50:30","slug":"capeco-fue-parte-de-navegistic-2025-evento-sobre-logistica-comercio-exterior-e-integracion-regional","status":"publish","type":"post","link":"https:\/\/capeco.org.py\/en\/2025\/10\/10\/capeco-fue-parte-de-navegistic-2025-evento-sobre-logistica-comercio-exterior-e-integracion-regional\/","title":{"rendered":"(Espa\u00f1ol) Capeco fue parte de Navegistic 2025, evento sobre log\u00edstica, comercio exterior e integraci\u00f3n regional"},"content":{"rendered":"<p class=\"qtranxs-available-languages-message qtranxs-available-languages-message-en\">Sorry, this entry is only available in <a href=\"https:\/\/capeco.org.py\/es\/wp-json\/wp\/v2\/posts\/9862\" class=\"qtranxs-available-language-link qtranxs-available-language-link-es\" title=\"Espa\u00f1ol\">Espa\u00f1ol<\/a>.<\/p><p><\/p>\n<p style=\"text-align: justify;\"><strong><em>Capeco particip\u00f3 de la apertura de la 12\u00ba edici\u00f3n de Navegistic Intermodal, el evento m\u00e1s importante de log\u00edstica, comercio exterior e integraci\u00f3n de la regi\u00f3n, que se desarroll\u00f3 del 7 al 9 de octubre, en el Paseo La Galer\u00eda, en Asunci\u00f3n.<\/em><\/strong><\/p>\n<p style=\"text-align: justify;\">En esta 12\u00ba edici\u00f3n de la feria internacional de exposiciones y conferencias del sector log\u00edstico, transporte, puertos y navegaci\u00f3n, que tuvo como sede a Paraguay, nuestro presidente, Jos\u00e9 Berea, particip\u00f3 en representaci\u00f3n de la c\u00e1mara.<\/p>\n<p style=\"text-align: justify;\">Navegistic se destaca como una plataforma excepcional para establecer conexiones significativas entre individuos, empresas y organizaciones de manera estrat\u00e9gica y efectiva, ya que participan representantes de m\u00e1s de 30 pa\u00edses.<\/p>\n<p style=\"text-align: justify;\">Este alcance multilateral consolida la posici\u00f3n de Navegistic como un espacio adecuado para fomentar conexiones transfronterizas y para generar colaboraciones estrat\u00e9gicas que van m\u00e1s all\u00e1 de las fronteras geogr\u00e1ficas.<\/p>\n<p><\/p>","protected":false},"excerpt":{"rendered":"<p>Sorry, this entry is only available in Espa\u00f1ol. Capeco particip\u00f3 de la apertura de la 12\u00ba edici\u00f3n de Navegistic Intermodal, el evento m\u00e1s importante de log\u00edstica, comercio exterior e integraci\u00f3n de la regi\u00f3n, que se desarroll\u00f3 del 7 al 9 de octubre, en el Paseo La Galer\u00eda, en Asunci\u00f3n. En esta 12\u00ba edici\u00f3n de la [&hellip;]<\/p>\n","protected":false},"author":7,"featured_media":9866,"comment_status":"closed","ping_status":"closed","sticky":false,"template":"","format":"standard","meta":{"_acf_changed":false,"ngg_post_thumbnail":0,"footnotes":""},"categories":[20],"tags":[38,713,485,712],"class_list":["post-9862","post","type-post","status-publish","format-standard","has-post-thumbnail","hentry","category-noticias","tag-capeco","tag-feria-internacional","tag-jose-berea","tag-navegistic-2025"],"better_featured_image":{"id":9866,"alt_text":"","caption":"","description":"","media_type":"image","media_details":{"width":1280,"height":720,"file":"2025\/10\/navegistic-2025.jpeg","filesize":211852,"sizes":{"medium":{"file":"navegistic-2025-300x169.jpeg","width":300,"height":169,"mime-type":"image\/jpeg","filesize":13854,"source_url":"https:\/\/capeco.org.py\/wp-content\/uploads\/2025\/10\/navegistic-2025-300x169.jpeg"},"large":{"file":"navegistic-2025-288x162.jpeg","width":288,"height":162,"mime-type":"image\/jpeg","filesize":13033,"source_url":"https:\/\/capeco.org.py\/wp-content\/uploads\/2025\/10\/navegistic-2025-288x162.jpeg"},"thumbnail":{"file":"navegistic-2025-150x150.jpeg","width":150,"height":150,"mime-type":"image\/jpeg","filesize":7191,"source_url":"https:\/\/capeco.org.py\/wp-content\/uploads\/2025\/10\/navegistic-2025-150x150.jpeg"},"medium_large":{"file":"navegistic-2025-768x432.jpeg","width":768,"height":432,"mime-type":"image\/jpeg","filesize":64170,"source_url":"https:\/\/capeco.org.py\/wp-content\/uploads\/2025\/10\/navegistic-2025-768x432.jpeg"}},"image_meta":{"aperture":"0","credit":"","camera":"","caption":"","created_timestamp":"0","copyright":"","focal_length":"0","iso":"0","shutter_speed":"0","title":"","orientation":"0","keywords":[]}},"post":9862,"source_url":"https:\/\/capeco.org.py\/wp-content\/uploads\/2025\/10\/navegistic-2025.jpeg"},"acf":[],"_links":{"self":[{"href":"https:\/\/capeco.org.py\/en\/wp-json\/wp\/v2\/posts\/9862","targetHints":{"allow":["GET"]}}],"collection":[{"href":"https:\/\/capeco.org.py\/en\/wp-json\/wp\/v2\/posts"}],"about":[{"href":"https:\/\/capeco.org.py\/en\/wp-json\/wp\/v2\/types\/post"}],"author":[{"embeddable":true,"href":"https:\/\/capeco.org.py\/en\/wp-json\/wp\/v2\/users\/7"}],"replies":[{"embeddable":true,"href":"https:\/\/capeco.org.py\/en\/wp-json\/wp\/v2\/comments?post=9862"}],"version-history":[{"count":2,"href":"https:\/\/capeco.org.py\/en\/wp-json\/wp\/v2\/posts\/9862\/revisions"}],"predecessor-version":[{"id":9865,"href":"https:\/\/capeco.org.py\/en\/wp-json\/wp\/v2\/posts\/9862\/revisions\/9865"}],"wp:featuredmedia":[{"embeddable":true,"href":"https:\/\/capeco.org.py\/en\/wp-json\/wp\/v2\/media\/9866"}],"wp:attachment":[{"href":"https:\/\/capeco.org.py\/en\/wp-json\/wp\/v2\/media?parent=9862"}],"wp:term":[{"taxonomy":"category","embeddable":true,"href":"https:\/\/capeco.org.py\/en\/wp-json\/wp\/v2\/categories?post=9862"},{"taxonomy":"post_tag","embeddable":true,"href":"https:\/\/capeco.org.py\/en\/wp-json\/wp\/v2\/tags?post=9862"}],"curies":[{"name":"wp","href":"https:\/\/api.w.org\/{rel}","templated":true}]}}