{"id":9859,"date":"2025-10-10T06:39:12","date_gmt":"2025-10-10T09:39:12","guid":{"rendered":"https:\/\/capeco.org.py\/?p=9859"},"modified":"2025-10-10T06:39:12","modified_gmt":"2025-10-10T09:39:12","slug":"2-foro-fluvial-sudamericano-un-espacio-para-debatir-y-analizar-el-futuro-de-las-hidrovias-de-la-region","status":"publish","type":"post","link":"https:\/\/capeco.org.py\/en\/2025\/10\/10\/2-foro-fluvial-sudamericano-un-espacio-para-debatir-y-analizar-el-futuro-de-las-hidrovias-de-la-region\/","title":{"rendered":"(Espa\u00f1ol) 2\u00b0 Foro Fluvial Sudamericano, un espacio para debatir y analizar el futuro de las hidrov\u00edas de la regi\u00f3n"},"content":{"rendered":"<p class=\"qtranxs-available-languages-message qtranxs-available-languages-message-en\">Sorry, this entry is only available in <a href=\"https:\/\/capeco.org.py\/es\/wp-json\/wp\/v2\/posts\/9859\" class=\"qtranxs-available-language-link qtranxs-available-language-link-es\" title=\"Espa\u00f1ol\">Espa\u00f1ol<\/a>.<\/p><p><strong><em>Capeco estuvo presente en el 2\u00b0 Foro Fluvial Sudamericano, organizado por el Instituto de Desarrollo Regional de Rosario (IDR)&nbsp;y el Banco de Desarrollo de Am\u00e9rica Latina y el Caribe, que se desarroll\u00f3 los d\u00edas 6 y 7 de octubre en Asunci\u00f3n, en la Casa de la Integraci\u00f3n CAF.<\/em><\/strong><\/p>\n<p>Nuestro presidente Jos\u00e9 Berea particip\u00f3 de estas dos jornadas de debate, cooperaci\u00f3n y propuestas sobre el futuro de las hidrov\u00edas de Sudam\u00e9rica.<\/p>\n<p>Este fue un espacio de articulaci\u00f3n que convoc\u00f3 a autoridades, expertos, organismos internacionales y al sector privado para debatir y proyectar la integraci\u00f3n regional.<\/p>","protected":false},"excerpt":{"rendered":"<p>Sorry, this entry is only available in Espa\u00f1ol.Capeco estuvo presente en el 2\u00b0 Foro Fluvial Sudamericano, organizado por el Instituto de Desarrollo Regional de Rosario (IDR)&nbsp;y el Banco de Desarrollo de Am\u00e9rica Latina y el Caribe, que se desarroll\u00f3 los d\u00edas 6 y 7 de octubre en Asunci\u00f3n, en la Casa de la Integraci\u00f3n CAF. [&hellip;]<\/p>\n","protected":false},"author":7,"featured_media":9860,"comment_status":"closed","ping_status":"closed","sticky":false,"template":"","format":"standard","meta":{"_acf_changed":false,"ngg_post_thumbnail":0,"footnotes":""},"categories":[20],"tags":[707,709,710,38,711,708,485],"class_list":["post-9859","post","type-post","status-publish","format-standard","has-post-thumbnail","hentry","category-noticias","tag-2o-foro-fluvial-sudamericano","tag-banco-de-desarrollo-de-america-latina-y-el-caribe","tag-caf","tag-capeco","tag-hidrovias","tag-instituto-de-desarrollo-regional-de-rosario","tag-jose-berea"],"better_featured_image":{"id":9860,"alt_text":"","caption":"","description":"","media_type":"image","media_details":{"width":2560,"height":1440,"file":"2025\/10\/2-foro-fluvial-sudamericano-scaled.jpg","filesize":352133,"sizes":{"medium":{"file":"2-foro-fluvial-sudamericano-300x169.jpg","width":300,"height":169,"mime-type":"image\/jpeg","filesize":13982,"source_url":"https:\/\/capeco.org.py\/wp-content\/uploads\/2025\/10\/2-foro-fluvial-sudamericano-300x169.jpg"},"large":{"file":"2-foro-fluvial-sudamericano-288x162.jpg","width":288,"height":162,"mime-type":"image\/jpeg","filesize":13257,"source_url":"https:\/\/capeco.org.py\/wp-content\/uploads\/2025\/10\/2-foro-fluvial-sudamericano-288x162.jpg"},"thumbnail":{"file":"2-foro-fluvial-sudamericano-150x150.jpg","width":150,"height":150,"mime-type":"image\/jpeg","filesize":8215,"source_url":"https:\/\/capeco.org.py\/wp-content\/uploads\/2025\/10\/2-foro-fluvial-sudamericano-150x150.jpg"},"medium_large":{"file":"2-foro-fluvial-sudamericano-768x432.jpg","width":768,"height":432,"mime-type":"image\/jpeg","filesize":53902,"source_url":"https:\/\/capeco.org.py\/wp-content\/uploads\/2025\/10\/2-foro-fluvial-sudamericano-768x432.jpg"},"1536x1536":{"file":"2-foro-fluvial-sudamericano-1536x864.jpg","width":1536,"height":864,"mime-type":"image\/jpeg","filesize":155071,"source_url":"https:\/\/capeco.org.py\/wp-content\/uploads\/2025\/10\/2-foro-fluvial-sudamericano-1536x864.jpg"},"2048x2048":{"file":"2-foro-fluvial-sudamericano-2048x1152.jpg","width":2048,"height":1152,"mime-type":"image\/jpeg","filesize":244076,"source_url":"https:\/\/capeco.org.py\/wp-content\/uploads\/2025\/10\/2-foro-fluvial-sudamericano-2048x1152.jpg"}},"image_meta":{"aperture":"2","credit":"","camera":"NIKON Z 6","caption":"","created_timestamp":"1759821408","copyright":"","focal_length":"40","iso":"0","shutter_speed":"0.01","title":"","orientation":"0","keywords":[]},"original_image":"2-foro-fluvial-sudamericano.jpg"},"post":9859,"source_url":"https:\/\/capeco.org.py\/wp-content\/uploads\/2025\/10\/2-foro-fluvial-sudamericano-scaled.jpg"},"acf":[],"_links":{"self":[{"href":"https:\/\/capeco.org.py\/en\/wp-json\/wp\/v2\/posts\/9859","targetHints":{"allow":["GET"]}}],"collection":[{"href":"https:\/\/capeco.org.py\/en\/wp-json\/wp\/v2\/posts"}],"about":[{"href":"https:\/\/capeco.org.py\/en\/wp-json\/wp\/v2\/types\/post"}],"author":[{"embeddable":true,"href":"https:\/\/capeco.org.py\/en\/wp-json\/wp\/v2\/users\/7"}],"replies":[{"embeddable":true,"href":"https:\/\/capeco.org.py\/en\/wp-json\/wp\/v2\/comments?post=9859"}],"version-history":[{"count":1,"href":"https:\/\/capeco.org.py\/en\/wp-json\/wp\/v2\/posts\/9859\/revisions"}],"predecessor-version":[{"id":9861,"href":"https:\/\/capeco.org.py\/en\/wp-json\/wp\/v2\/posts\/9859\/revisions\/9861"}],"wp:featuredmedia":[{"embeddable":true,"href":"https:\/\/capeco.org.py\/en\/wp-json\/wp\/v2\/media\/9860"}],"wp:attachment":[{"href":"https:\/\/capeco.org.py\/en\/wp-json\/wp\/v2\/media?parent=9859"}],"wp:term":[{"taxonomy":"category","embeddable":true,"href":"https:\/\/capeco.org.py\/en\/wp-json\/wp\/v2\/categories?post=9859"},{"taxonomy":"post_tag","embeddable":true,"href":"https:\/\/capeco.org.py\/en\/wp-json\/wp\/v2\/tags?post=9859"}],"curies":[{"name":"wp","href":"https:\/\/api.w.org\/{rel}","templated":true}]}}