{"id":9856,"date":"2025-10-10T06:28:22","date_gmt":"2025-10-10T09:28:22","guid":{"rendered":"https:\/\/capeco.org.py\/?p=9856"},"modified":"2025-10-10T06:28:22","modified_gmt":"2025-10-10T09:28:22","slug":"dia-del-adulto-mayor-un-reconocimiento-a-la-sabiduria-y-la-experiencia","status":"publish","type":"post","link":"https:\/\/capeco.org.py\/en\/2025\/10\/10\/dia-del-adulto-mayor-un-reconocimiento-a-la-sabiduria-y-la-experiencia\/","title":{"rendered":"(Espa\u00f1ol) D\u00eda del Adulto Mayor, un reconocimiento a la sabidur\u00eda y la experiencia"},"content":{"rendered":"<p class=\"qtranxs-available-languages-message qtranxs-available-languages-message-en\">Sorry, this entry is only available in <a href=\"https:\/\/capeco.org.py\/es\/wp-json\/wp\/v2\/posts\/9856\" class=\"qtranxs-available-language-link qtranxs-available-language-link-es\" title=\"Espa\u00f1ol\">Espa\u00f1ol<\/a>.<\/p><p><\/p>\n<p style=\"text-align: justify;\"><strong><em>Porque los derechos no envejecen y en homenaje a la sabidur\u00eda, el amor y la importancia de la experiencia, a trav\u00e9s del respeto, la gratitud y el reconocimiento, el 1 de octubre, por medio del programa de Responsabilidad Social, fuimos parte del festejo del D\u00eda del Adulto Mayor, en Gij\u00f3n R\u00f3ga, de Luque, dependiente del Instituto de Bienestar Social del Ministerio de Salud P\u00fablica.<\/em><\/strong><\/p>\n<p style=\"text-align: justify;\">Desde Capeco apoyamos esta actividad con la presentaci\u00f3n de un stand con productos a base de leche y bagazo de soja, elaborados dentro del marco de nuestro programa de RSE &#8220;Nutrici\u00f3n con Soja&#8221;.<\/p>\n<p style=\"text-align: justify;\">Celebramos la sabidur\u00eda, el amor y la importancia de la experiencia, a trav\u00e9s del respeto, la gratitud y el reconocimiento.<\/p>\n<p style=\"text-align: justify;\">El 1 de octubre fue fijado por la Asamblea General de las Naciones Unidas como \u201cD\u00eda Internacional del Adulto mayor\u201d, con el fin de reivindicar los derechos de las personas adultas mayores m\u00e1s vulnerables, impulsando el cuidado, toma de conciencia, salud, seguridad social, no discriminaci\u00f3n y no al maltrato.<\/p>\n<p>&nbsp;<\/p>\n<p>&nbsp;<\/p>\n<p>&nbsp;<\/p>","protected":false},"excerpt":{"rendered":"<p>Sorry, this entry is only available in Espa\u00f1ol. Porque los derechos no envejecen y en homenaje a la sabidur\u00eda, el amor y la importancia de la experiencia, a trav\u00e9s del respeto, la gratitud y el reconocimiento, el 1 de octubre, por medio del programa de Responsabilidad Social, fuimos parte del festejo del D\u00eda del Adulto [&hellip;]<\/p>\n","protected":false},"author":7,"featured_media":9857,"comment_status":"closed","ping_status":"closed","sticky":false,"template":"","format":"standard","meta":{"_acf_changed":false,"ngg_post_thumbnail":0,"footnotes":""},"categories":[20],"tags":[38,705,706,81,195,93],"class_list":["post-9856","post","type-post","status-publish","format-standard","has-post-thumbnail","hentry","category-noticias","tag-capeco","tag-dia-del-adulto-mayor","tag-gijon-roga","tag-nutricion-con-soja","tag-responsabilidad-social","tag-rse"],"better_featured_image":{"id":9857,"alt_text":"","caption":"","description":"","media_type":"image","media_details":{"width":1280,"height":720,"file":"2025\/10\/dia-del-adulto-mayor-2025.jpeg","filesize":178572,"sizes":{"medium":{"file":"dia-del-adulto-mayor-2025-300x169.jpeg","width":300,"height":169,"mime-type":"image\/jpeg","filesize":16560,"source_url":"https:\/\/capeco.org.py\/wp-content\/uploads\/2025\/10\/dia-del-adulto-mayor-2025-300x169.jpeg"},"large":{"file":"dia-del-adulto-mayor-2025-288x162.jpeg","width":288,"height":162,"mime-type":"image\/jpeg","filesize":15424,"source_url":"https:\/\/capeco.org.py\/wp-content\/uploads\/2025\/10\/dia-del-adulto-mayor-2025-288x162.jpeg"},"thumbnail":{"file":"dia-del-adulto-mayor-2025-150x150.jpeg","width":150,"height":150,"mime-type":"image\/jpeg","filesize":7927,"source_url":"https:\/\/capeco.org.py\/wp-content\/uploads\/2025\/10\/dia-del-adulto-mayor-2025-150x150.jpeg"},"medium_large":{"file":"dia-del-adulto-mayor-2025-768x432.jpeg","width":768,"height":432,"mime-type":"image\/jpeg","filesize":85488,"source_url":"https:\/\/capeco.org.py\/wp-content\/uploads\/2025\/10\/dia-del-adulto-mayor-2025-768x432.jpeg"}},"image_meta":{"aperture":"0","credit":"","camera":"","caption":"","created_timestamp":"0","copyright":"","focal_length":"0","iso":"0","shutter_speed":"0","title":"","orientation":"0","keywords":[]}},"post":9856,"source_url":"https:\/\/capeco.org.py\/wp-content\/uploads\/2025\/10\/dia-del-adulto-mayor-2025.jpeg"},"acf":[],"_links":{"self":[{"href":"https:\/\/capeco.org.py\/en\/wp-json\/wp\/v2\/posts\/9856","targetHints":{"allow":["GET"]}}],"collection":[{"href":"https:\/\/capeco.org.py\/en\/wp-json\/wp\/v2\/posts"}],"about":[{"href":"https:\/\/capeco.org.py\/en\/wp-json\/wp\/v2\/types\/post"}],"author":[{"embeddable":true,"href":"https:\/\/capeco.org.py\/en\/wp-json\/wp\/v2\/users\/7"}],"replies":[{"embeddable":true,"href":"https:\/\/capeco.org.py\/en\/wp-json\/wp\/v2\/comments?post=9856"}],"version-history":[{"count":1,"href":"https:\/\/capeco.org.py\/en\/wp-json\/wp\/v2\/posts\/9856\/revisions"}],"predecessor-version":[{"id":9858,"href":"https:\/\/capeco.org.py\/en\/wp-json\/wp\/v2\/posts\/9856\/revisions\/9858"}],"wp:featuredmedia":[{"embeddable":true,"href":"https:\/\/capeco.org.py\/en\/wp-json\/wp\/v2\/media\/9857"}],"wp:attachment":[{"href":"https:\/\/capeco.org.py\/en\/wp-json\/wp\/v2\/media?parent=9856"}],"wp:term":[{"taxonomy":"category","embeddable":true,"href":"https:\/\/capeco.org.py\/en\/wp-json\/wp\/v2\/categories?post=9856"},{"taxonomy":"post_tag","embeddable":true,"href":"https:\/\/capeco.org.py\/en\/wp-json\/wp\/v2\/tags?post=9856"}],"curies":[{"name":"wp","href":"https:\/\/api.w.org\/{rel}","templated":true}]}}