{"id":9312,"date":"2024-12-12T17:54:50","date_gmt":"2024-12-12T20:54:50","guid":{"rendered":"https:\/\/capeco.org.py\/?p=9312"},"modified":"2024-12-12T17:54:50","modified_gmt":"2024-12-12T20:54:50","slug":"capeco-participo-de-la-ultima-sesion-del-2024-del-consejo-consultivo-del-senave","status":"publish","type":"post","link":"https:\/\/capeco.org.py\/en\/2024\/12\/12\/capeco-participo-de-la-ultima-sesion-del-2024-del-consejo-consultivo-del-senave\/","title":{"rendered":"(Espa\u00f1ol) Capeco particip\u00f3 de la \u00faltima sesi\u00f3n del 2024 del Consejo Consultivo del Senave"},"content":{"rendered":"<p class=\"qtranxs-available-languages-message qtranxs-available-languages-message-en\">Sorry, this entry is only available in <a href=\"https:\/\/capeco.org.py\/es\/wp-json\/wp\/v2\/posts\/9312\" class=\"qtranxs-available-language-link qtranxs-available-language-link-es\" title=\"Espa\u00f1ol\">Espa\u00f1ol<\/a>.<\/p><p><\/p>\n<p style=\"text-align: justify;\"><strong><em>El 10 de diciembre, en nuestra sede, se realiz\u00f3 la \u00faltima sesi\u00f3n del a\u00f1o del Consejo Consultivo del Senave, que estuvo presidida por su titular, el Ing. Agr. Pastor Soria.<\/em><\/strong><\/p>\n<p style=\"text-align: justify;\">Durante la reuni\u00f3n, que congreg\u00f3 a directivos y representantes de c\u00e1maras y gremios de la producci\u00f3n, se analizaron los siguientes temas:<\/p>\n<ul style=\"text-align: justify;\">\n<li>Proyecto de resoluci\u00f3n que aborda aspectos para la venta controlada y bajo receta de productos fitosanitarios, dentro del marco la Ley 3742\/09.<\/li>\n<li>Cronograma de temas a tratar en el 2025.<\/li>\n<\/ul>\n<p style=\"text-align: justify;\">El Ing. Agr. Hugo Pastore y la Lic. Sonia Tomassone, director ejecutivo y asesora de Comercio Exterior, respectivamente, participaron de la sesi\u00f3n en representaci\u00f3n de Capeco.<\/p>\n<p><\/p>","protected":false},"excerpt":{"rendered":"<p>Sorry, this entry is only available in Espa\u00f1ol. El 10 de diciembre, en nuestra sede, se realiz\u00f3 la \u00faltima sesi\u00f3n del a\u00f1o del Consejo Consultivo del Senave, que estuvo presidida por su titular, el Ing. Agr. Pastor Soria. Durante la reuni\u00f3n, que congreg\u00f3 a directivos y representantes de c\u00e1maras y gremios de la producci\u00f3n, se [&hellip;]<\/p>\n","protected":false},"author":7,"featured_media":9313,"comment_status":"closed","ping_status":"closed","sticky":false,"template":"","format":"standard","meta":{"_acf_changed":false,"ngg_post_thumbnail":0,"footnotes":""},"categories":[20],"tags":[38,434,283,433,232],"class_list":["post-9312","post","type-post","status-publish","format-standard","has-post-thumbnail","hentry","category-noticias","tag-capeco","tag-consejo-consultivo","tag-hugo-pastore","tag-senave","tag-sonia-tomassone"],"better_featured_image":{"id":9313,"alt_text":"","caption":"","description":"","media_type":"image","media_details":{"width":1439,"height":959,"file":"2024\/12\/consejo-consultivo-senave-ultima-reunion-2024.jpg","filesize":236723,"sizes":{"medium":{"file":"consejo-consultivo-senave-ultima-reunion-2024-300x200.jpg","width":300,"height":200,"mime-type":"image\/jpeg","filesize":12803,"source_url":"https:\/\/capeco.org.py\/wp-content\/uploads\/2024\/12\/consejo-consultivo-senave-ultima-reunion-2024-300x200.jpg"},"large":{"file":"consejo-consultivo-senave-ultima-reunion-2024-243x162.jpg","width":243,"height":162,"mime-type":"image\/jpeg","filesize":9607,"source_url":"https:\/\/capeco.org.py\/wp-content\/uploads\/2024\/12\/consejo-consultivo-senave-ultima-reunion-2024-243x162.jpg"},"thumbnail":{"file":"consejo-consultivo-senave-ultima-reunion-2024-150x150.jpg","width":150,"height":150,"mime-type":"image\/jpeg","filesize":6380,"source_url":"https:\/\/capeco.org.py\/wp-content\/uploads\/2024\/12\/consejo-consultivo-senave-ultima-reunion-2024-150x150.jpg"},"medium_large":{"file":"consejo-consultivo-senave-ultima-reunion-2024-768x512.jpg","width":768,"height":512,"mime-type":"image\/jpeg","filesize":54860,"source_url":"https:\/\/capeco.org.py\/wp-content\/uploads\/2024\/12\/consejo-consultivo-senave-ultima-reunion-2024-768x512.jpg"}},"image_meta":{"aperture":"0","credit":"","camera":"","caption":"","created_timestamp":"0","copyright":"","focal_length":"0","iso":"0","shutter_speed":"0","title":"","orientation":"0","keywords":[]}},"post":9312,"source_url":"https:\/\/capeco.org.py\/wp-content\/uploads\/2024\/12\/consejo-consultivo-senave-ultima-reunion-2024.jpg"},"acf":[],"_links":{"self":[{"href":"https:\/\/capeco.org.py\/en\/wp-json\/wp\/v2\/posts\/9312","targetHints":{"allow":["GET"]}}],"collection":[{"href":"https:\/\/capeco.org.py\/en\/wp-json\/wp\/v2\/posts"}],"about":[{"href":"https:\/\/capeco.org.py\/en\/wp-json\/wp\/v2\/types\/post"}],"author":[{"embeddable":true,"href":"https:\/\/capeco.org.py\/en\/wp-json\/wp\/v2\/users\/7"}],"replies":[{"embeddable":true,"href":"https:\/\/capeco.org.py\/en\/wp-json\/wp\/v2\/comments?post=9312"}],"version-history":[{"count":1,"href":"https:\/\/capeco.org.py\/en\/wp-json\/wp\/v2\/posts\/9312\/revisions"}],"predecessor-version":[{"id":9314,"href":"https:\/\/capeco.org.py\/en\/wp-json\/wp\/v2\/posts\/9312\/revisions\/9314"}],"wp:featuredmedia":[{"embeddable":true,"href":"https:\/\/capeco.org.py\/en\/wp-json\/wp\/v2\/media\/9313"}],"wp:attachment":[{"href":"https:\/\/capeco.org.py\/en\/wp-json\/wp\/v2\/media?parent=9312"}],"wp:term":[{"taxonomy":"category","embeddable":true,"href":"https:\/\/capeco.org.py\/en\/wp-json\/wp\/v2\/categories?post=9312"},{"taxonomy":"post_tag","embeddable":true,"href":"https:\/\/capeco.org.py\/en\/wp-json\/wp\/v2\/tags?post=9312"}],"curies":[{"name":"wp","href":"https:\/\/api.w.org\/{rel}","templated":true}]}}