{"id":8241,"date":"2023-09-26T16:56:50","date_gmt":"2023-09-26T20:56:50","guid":{"rendered":"https:\/\/capeco.org.py\/?p=8241"},"modified":"2023-09-26T16:56:50","modified_gmt":"2023-09-26T20:56:50","slug":"capeco-presente-en-el-debate-de-productores-de-soja-y-maiz-del-mercosur-sobre-el-impacto-de-la-ley-antideforestacion-de-la-ue","status":"publish","type":"post","link":"https:\/\/capeco.org.py\/en\/2023\/09\/26\/capeco-presente-en-el-debate-de-productores-de-soja-y-maiz-del-mercosur-sobre-el-impacto-de-la-ley-antideforestacion-de-la-ue\/","title":{"rendered":"(Espa\u00f1ol) Capeco presente en el debate de productores de soja y ma\u00edz del Mercosur sobre el impacto de la ley antideforestaci\u00f3n de la UE"},"content":{"rendered":"<p class=\"qtranxs-available-languages-message qtranxs-available-languages-message-en\">Sorry, this entry is only available in <a href=\"https:\/\/capeco.org.py\/es\/wp-json\/wp\/v2\/posts\/8241\" class=\"qtranxs-available-language-link qtranxs-available-language-link-es\" title=\"Espa\u00f1ol\">Espa\u00f1ol<\/a>.<\/p><p><\/p>\n<p style=\"text-align: justify;\"><strong><em>Capeco particip\u00f3 en Brasil del encuentro de gremios y c\u00e1maras de productores y exportadores de soja y ma\u00edz de Am\u00e9rica del Sur, organizado por la Confederaci\u00f3n Brasile\u00f1a de Agricultura y Ganader\u00eda (CNA), donde se debati\u00f3 acerca del impacto en los sistemas productivos y cadenas de exportaci\u00f3n de los pa\u00edses de la reglamentaci\u00f3n de la Uni\u00f3n Europea sobre deforestaci\u00f3n y se discutieron, adem\u00e1s, acciones conjuntas que ser\u00e1n implementadas ante esta medida. <\/em><\/strong><\/p>\n<p style=\"text-align: justify;\">En representaci\u00f3n de Paraguay participaron nuestra asesora en Comercio Exterior, Lic. Sonia Tomassone, y Claus Echer, presidente de la Asociaci\u00f3n de Productores de Soja, Oleaginosas y Cereales del Paraguay (APS).<\/p>\n<p style=\"text-align: justify;\">Ambos resaltaron la importancia del encuentro, desarrollado los d\u00edas 25 y 26 de setiembre en Brasil, y enfatizaron que es necesario que los pa\u00edses del Mercosur piensen juntos en un posicionamiento dentro de las cadenas productivas y tambi\u00e9n para la Uni\u00f3n Europea.<\/p>\n<p style=\"text-align: justify;\">La ley antideforestaci\u00f3n de la UE tiene como objetivo prohibir la importaci\u00f3n y el comercio, en este bloque, de productos derivados de algunas materias primas -ganado, soja, palma, petr\u00f3leo, caf\u00e9, cacao, madera y caucho \u2013 de \u00e1reas deforestadas despu\u00e9s del 31 de diciembre de 2020.<\/p>\n<p style=\"text-align: justify;\">La reuni\u00f3n comenz\u00f3 el lunes 25 y fue inaugurada por el subdirector t\u00e9cnico de la CNA, Maciel Silva, y por el presidente de la Comisi\u00f3n Nacional de Cereales, Fibras y Oleaginosas, Ricardo Arioli.&nbsp;El debate cont\u00f3 con la participaci\u00f3n de representantes del sector productivo de Paraguay, Argentina y Uruguay, as\u00ed como de la Asociaci\u00f3n Brasile\u00f1a de Industrias de Aceites Vegetales (Abiove) y de la Confederaci\u00f3n de Cooperativas de Brasil, adem\u00e1s del equipo t\u00e9cnico e internacional de la CNA.<\/p>\n<p style=\"text-align: justify;\">Para Maciel Silva, la legislaci\u00f3n afecta directamente a los pa\u00edses en desarrollo. <em>\u201cComo sector productivo entendemos lo discriminatoria que es esta ley, que puede tener efectos adversos en la sostenibilidad, con el potencial de eliminar a los peque\u00f1os productores\u201d<\/em>, afirm\u00f3.<\/p>\n<p style=\"text-align: justify;\">Arioli destac\u00f3 la importancia de unir a todo el sector productivo de los pa\u00edses del Mercosur y habl\u00f3 de los desaf\u00edos del sector. <em>\u201cLa actividad agr\u00edcola es la que m\u00e1s sufre los fen\u00f3menos clim\u00e1ticos extremos, y el productor es el principal aliado en la lucha contra el cambio clim\u00e1tico. Nuestra agricultura se realiza de manera sustentable\u201d<\/em>, afirm\u00f3.<\/p>\n<p style=\"text-align: justify;\">Seg\u00fan el presidente de la Comisi\u00f3n Nacional de Cereales, Fibras y Oleaginosas de la CNA, solo con la cooperaci\u00f3n, a trav\u00e9s de un enfoque colaborativo y lineamiento t\u00e9cnico se podr\u00e1n abordar temas globales como el comercio, la seguridad alimentaria y el clima, considerando a todos los agentes involucrados en estas acciones, en lugar de simplemente proceder con la transferencia de costos y responsabilidades.<\/p>\n<p style=\"text-align: justify;\">Finalmente, este martes 26 los integrantes de la reuni\u00f3n discutieron posibles estrategias a desarrollar por los pa\u00edses sudamericanos y los gremios y c\u00e1maras tambi\u00e9n deber\u00e1n acordar una posici\u00f3n conjunta sobre el tema.<\/p>\n<p style=\"text-align: justify;\"><em>\u201cNecesitamos unir fuerzas para demostrar que no somos ap\u00e1ticos ante todo lo que est\u00e1 pasando con respecto a la Uni\u00f3n Europea\u201d<\/em>, concluy\u00f3 Maciel Silva.<\/p>\n<p><\/p>","protected":false},"excerpt":{"rendered":"<p>Sorry, this entry is only available in Espa\u00f1ol. Capeco particip\u00f3 en Brasil del encuentro de gremios y c\u00e1maras de productores y exportadores de soja y ma\u00edz de Am\u00e9rica del Sur, organizado por la Confederaci\u00f3n Brasile\u00f1a de Agricultura y Ganader\u00eda (CNA), donde se debati\u00f3 acerca del impacto en los sistemas productivos y cadenas de exportaci\u00f3n de [&hellip;]<\/p>\n","protected":false},"author":7,"featured_media":8242,"comment_status":"closed","ping_status":"closed","sticky":false,"template":"","format":"standard","meta":{"_acf_changed":false,"ngg_post_thumbnail":0,"footnotes":""},"categories":[20],"tags":[448,38,449,446,236,55,450,412,447],"class_list":["post-8241","post","type-post","status-publish","format-standard","has-post-thumbnail","hentry","category-noticias","tag-brasil","tag-capeco","tag-encuentro-de-productores","tag-ley-antideforestacion","tag-mercosur","tag-paraguay","tag-sistemas-de-produccion","tag-ue","tag-union-europea"],"better_featured_image":{"id":8242,"alt_text":"","caption":"","description":"","media_type":"image","media_details":{"width":1600,"height":900,"file":"2023\/09\/encuentro-cna-brasil.jpeg","sizes":{"medium":{"file":"encuentro-cna-brasil-300x169.jpeg","width":300,"height":169,"mime-type":"image\/jpeg","source_url":"https:\/\/capeco.org.py\/wp-content\/uploads\/2023\/09\/encuentro-cna-brasil-300x169.jpeg"},"large":{"file":"encuentro-cna-brasil-288x162.jpeg","width":288,"height":162,"mime-type":"image\/jpeg","source_url":"https:\/\/capeco.org.py\/wp-content\/uploads\/2023\/09\/encuentro-cna-brasil-288x162.jpeg"},"thumbnail":{"file":"encuentro-cna-brasil-150x150.jpeg","width":150,"height":150,"mime-type":"image\/jpeg","source_url":"https:\/\/capeco.org.py\/wp-content\/uploads\/2023\/09\/encuentro-cna-brasil-150x150.jpeg"},"medium_large":{"file":"encuentro-cna-brasil-768x432.jpeg","width":768,"height":432,"mime-type":"image\/jpeg","source_url":"https:\/\/capeco.org.py\/wp-content\/uploads\/2023\/09\/encuentro-cna-brasil-768x432.jpeg"},"1536x1536":{"file":"encuentro-cna-brasil-1536x864.jpeg","width":1536,"height":864,"mime-type":"image\/jpeg","source_url":"https:\/\/capeco.org.py\/wp-content\/uploads\/2023\/09\/encuentro-cna-brasil-1536x864.jpeg"}},"image_meta":{"aperture":"0","credit":"","camera":"","caption":"","created_timestamp":"0","copyright":"","focal_length":"0","iso":"0","shutter_speed":"0","title":"","orientation":"0","keywords":[]}},"post":8241,"source_url":"https:\/\/capeco.org.py\/wp-content\/uploads\/2023\/09\/encuentro-cna-brasil.jpeg"},"acf":[],"_links":{"self":[{"href":"https:\/\/capeco.org.py\/en\/wp-json\/wp\/v2\/posts\/8241","targetHints":{"allow":["GET"]}}],"collection":[{"href":"https:\/\/capeco.org.py\/en\/wp-json\/wp\/v2\/posts"}],"about":[{"href":"https:\/\/capeco.org.py\/en\/wp-json\/wp\/v2\/types\/post"}],"author":[{"embeddable":true,"href":"https:\/\/capeco.org.py\/en\/wp-json\/wp\/v2\/users\/7"}],"replies":[{"embeddable":true,"href":"https:\/\/capeco.org.py\/en\/wp-json\/wp\/v2\/comments?post=8241"}],"version-history":[{"count":1,"href":"https:\/\/capeco.org.py\/en\/wp-json\/wp\/v2\/posts\/8241\/revisions"}],"predecessor-version":[{"id":8243,"href":"https:\/\/capeco.org.py\/en\/wp-json\/wp\/v2\/posts\/8241\/revisions\/8243"}],"wp:featuredmedia":[{"embeddable":true,"href":"https:\/\/capeco.org.py\/en\/wp-json\/wp\/v2\/media\/8242"}],"wp:attachment":[{"href":"https:\/\/capeco.org.py\/en\/wp-json\/wp\/v2\/media?parent=8241"}],"wp:term":[{"taxonomy":"category","embeddable":true,"href":"https:\/\/capeco.org.py\/en\/wp-json\/wp\/v2\/categories?post=8241"},{"taxonomy":"post_tag","embeddable":true,"href":"https:\/\/capeco.org.py\/en\/wp-json\/wp\/v2\/tags?post=8241"}],"curies":[{"name":"wp","href":"https:\/\/api.w.org\/{rel}","templated":true}]}}