{"id":8052,"date":"2023-07-24T13:57:37","date_gmt":"2023-07-24T17:57:37","guid":{"rendered":"https:\/\/capeco.org.py\/?p=8052"},"modified":"2023-07-24T14:17:44","modified_gmt":"2023-07-24T18:17:44","slug":"enero-2024-se-presentaria-con-poca-humedad-en-el-suelo","status":"publish","type":"post","link":"https:\/\/capeco.org.py\/en\/2023\/07\/24\/enero-2024-se-presentaria-con-poca-humedad-en-el-suelo\/","title":{"rendered":"Enero 2024 se presentar\u00eda con poca humedad en el suelo"},"content":{"rendered":"<p class=\"qtranxs-available-languages-message qtranxs-available-languages-message-en\">Sorry, this entry is only available in <a href=\"https:\/\/capeco.org.py\/es\/wp-json\/wp\/v2\/posts\/8052\" class=\"qtranxs-available-language-link qtranxs-available-language-link-es\" title=\"Espa\u00f1ol\">Espa\u00f1ol<\/a>.<\/p><p><\/p>\n<p style=\"text-align: justify;\"><strong><em>En el \u00faltimo video sobre perspectivas agroclim\u00e1ticas presentado por el Ing. Agr. Eduardo Sierra, asesor agroclim\u00e1tico de Capeco, el especialista habla de una \u201cvacilaci\u00f3n\u201d de las lluvias en verano, ya que se observa un enero 2024 caluroso y con pocas reservas de humedad en el suelo; en febrero se ve una recuperaci\u00f3n parcial, mientras que en marzo es total. Sin embargo, expres\u00f3 que esa vacilaci\u00f3n en verano, cuando se presenta la recta final para los cultivos de esta \u00e9poca, nos costar\u00eda mucho volumen productivo.<\/em><\/strong><\/p>\n<p style=\"text-align: justify;\"><em>\u201cNos viene bien la primavera, tenemos una vacilaci\u00f3n en verano y en oto\u00f1o nos recuperamos, pero esa vacilaci\u00f3n en verano nos cuesta mucho volumen productivo\u201d<\/em>, destac\u00f3.<\/p>\n<p style=\"text-align: justify;\">Precis\u00f3 que la temporada 23\/24 apunta a ser un poco menos calurosa que la campa\u00f1a 22\/23, que registr\u00f3 un verano fuerte, aunque menos incluso que el periodo anterior (diciembre 2021 \u2013 enero\/febrero 2022), cuando se registraron m\u00e1ximas de 40 \u00b0C en todo el \u00e1rea agr\u00edcola del Cono Sur. <em>\u201cEl calorazo del 21\/22 tuvo la particularidad de que fue seco, mientras que el de 22\/23 fue h\u00famedo\u201d, <\/em>destac\u00f3 Sierra.<\/p>\n<p style=\"text-align: justify;\">Para este verano 2024, indic\u00f3: <em>\u201cNo hay tanto color rojo sobre Paraguay. Canindey\u00fa y Alto Paran\u00e1 est\u00e1n m\u00e1s bien en color naranja, es decir, entre 25 y 30 \u00b0C. Un poco menos, pero no mucho\u201d<\/em>, precis\u00f3.<\/p>\n<p style=\"text-align: justify;\"><strong><em>\u201cEn enero 2024, en pleno desarrollo de El Ni\u00f1o, vemos una distribuci\u00f3n casi de La Ni\u00f1a\u201d<\/em><\/strong>, resalt\u00f3. Mencion\u00f3 que las lluvias m\u00e1s fuertes se muestran sobre Boquer\u00f3n, donde se prev\u00e9n m\u00e1s de 100 mm, y Alto Paraguay, mientras que en Presidente Hayes es menos.<\/p>\n<p style=\"text-align: justify;\">Todo el centro-sur de la regi\u00f3n Oriental, que abarca gran parte de Alto Paran\u00e1, Itap\u00faa, Misiones, Caaguaz\u00fa, Caazap\u00e1 y Guair\u00e1, se observa, sin embargo, en amarillo, es decir, lluvias de menos de 25 mm, con temperaturas medias de m\u00e1s de 25 \u00b0C, lo que representa entre 35 \u00b0C y 40 \u00b0C durante el d\u00eda, ya que la media es la temperatura promedio entre la m\u00ednima nocturna y la m\u00e1xima diurna, explic\u00f3.<\/p>\n<p style=\"text-align: justify;\">En cuanto a la humedad, record\u00f3 que enero hab\u00eda empezado sin muchas reservas de humedad. <strong><em>\u201cLa humedad nos da un golpe en enero. Lamento tener que decirlo, pero es lo que se observa. Es un verano que parece m\u00e1s de La Ni\u00f1a que de El Ni\u00f1o, aunque falta bastante, por lo que los pron\u00f3sticos se ir\u00e1n ajustando\u201d,<\/em><\/strong> precis\u00f3.<\/p>\n<p style=\"text-align: justify;\">Respecto a las previsiones para febrero, indic\u00f3 que en este mes <em>\u201cse vuelve a los carriles normales<\/em>\u201d. Explic\u00f3 que se observa que todav\u00eda llueve m\u00e1s en Boquer\u00f3n que en la regi\u00f3n Oriental, lo cual \u2013acot\u00f3- no es del todo normal, pero hay una recuperaci\u00f3n importante de la lluvia. <strong><em>\u201cLamentablemente, sigue el calor, pero de todas maneras, la humedad se recupera mucho, aunque no todo, ya que Itap\u00faa, Caazap\u00e1, Caaguaz\u00fa, Alto Paran\u00e1, Guair\u00e1, Misiones, \u00d1eembuc\u00fa, Cordillera est\u00e1n ah\u00ed con sequ\u00eda. De manera que podr\u00edamos llamar una recuperaci\u00f3n parcial de la humedad\u201d<\/em><\/strong>, resalt\u00f3.<\/p>\n<p style=\"text-align: justify;\">Sobre marzo destac\u00f3 que ya hay una recuperaci\u00f3n m\u00e1s general. \u201c<em>F\u00edjense que todo Paraguay est\u00e1 de color verde, que son m\u00e1s de 100 mm, hasta celeste y azul, que son como 200 mm. Sigue el calor, pero contin\u00faa la recuperaci\u00f3n de agua en el suelo. Desaparecen las \u00e1reas de sequ\u00eda extrema del sur de la regi\u00f3n Oriental y queda en amarillito\u201d<\/em>, acot\u00f3.<\/p>\n<p style=\"text-align: justify;\">Como s\u00edntesis, explic\u00f3 que la vacilaci\u00f3n en las lluvias se presenta en diciembre-enero, en febrero empieza a recuperarse y en marzo ya se recupera totalmente, <em>\u201cas\u00ed que hay que tener en cuenta para la estrategia\u201d, <\/em>puntualiz\u00f3.<\/p>\n<p style=\"text-align: justify;\">En cuanto a la precipitaci\u00f3n relativa del verano 2024, explic\u00f3 que Boquer\u00f3n y Alto Paraguay se muestran con lluvias de m\u00e1s de 125 mm. <em>\u201cNo es que llueva mucho, pero muy sobre lo normal\u201d<\/em>, acot\u00f3.<\/p>\n<p style=\"text-align: justify;\">Por \u00faltimo, en todo el sur de la regi\u00f3n Oriental se observa entre 50 y 75 mm de lluvia, <em>\u201cque no es muy por debajo de lo normal, pero con el calor resulta que el balance se vuelve negativo\u201d<\/em>, precis\u00f3. En cambio, para San Pedro, Canindey\u00fa, Amambay, Pedro Juan Caballero y Presidente Hayes se prev\u00e9 precipitaciones entre 90 y 110 mm.&nbsp; &nbsp;<\/p>\n<p style=\"text-align: justify;\">El video completo se puede ver en este enlace:&nbsp;<strong><a href=\"https:\/\/youtu.be\/ViEpu0dsGbE\">https:\/\/youtu.be\/ViEpu0dsGbE<\/a><\/strong> &nbsp; &nbsp; &nbsp; &nbsp; &nbsp; &nbsp; &nbsp; &nbsp; &nbsp; &nbsp; &nbsp; &nbsp; &nbsp; &nbsp; &nbsp; &nbsp; &nbsp; &nbsp; &nbsp; &nbsp; &nbsp; &nbsp; &nbsp; &nbsp; &nbsp; &nbsp; &nbsp; &nbsp; &nbsp; &nbsp; &nbsp; &nbsp; &nbsp; &nbsp; &nbsp; &nbsp; &nbsp; &nbsp;<\/p>\n<p><\/p>","protected":false},"excerpt":{"rendered":"<p>Sorry, this entry is only available in Espa\u00f1ol. En el \u00faltimo video sobre perspectivas agroclim\u00e1ticas presentado por el Ing. Agr. Eduardo Sierra, asesor agroclim\u00e1tico de Capeco, el especialista habla de una \u201cvacilaci\u00f3n\u201d de las lluvias en verano, ya que se observa un enero 2024 caluroso y con pocas reservas de humedad en el suelo; en [&hellip;]<\/p>\n","protected":false},"author":7,"featured_media":7312,"comment_status":"closed","ping_status":"closed","sticky":false,"template":"","format":"standard","meta":{"_acf_changed":false,"ngg_post_thumbnail":0,"footnotes":""},"categories":[20],"tags":[52,38,91,55,121,395],"class_list":["post-8052","post","type-post","status-publish","format-standard","has-post-thumbnail","hentry","category-noticias","tag-agricultura","tag-capeco","tag-eduardo-sierra","tag-paraguay","tag-perspectivas-climaticas","tag-verano-2024"],"better_featured_image":{"id":7312,"alt_text":"","caption":"","description":"","media_type":"image","media_details":{"width":1284,"height":713,"file":"2022\/08\/soja-sequia.jpeg","sizes":{"medium":{"file":"soja-sequia-300x167.jpeg","width":300,"height":167,"mime-type":"image\/jpeg","source_url":"https:\/\/capeco.org.py\/wp-content\/uploads\/2022\/08\/soja-sequia-300x167.jpeg"},"large":{"file":"soja-sequia-292x162.jpeg","width":292,"height":162,"mime-type":"image\/jpeg","source_url":"https:\/\/capeco.org.py\/wp-content\/uploads\/2022\/08\/soja-sequia-292x162.jpeg"},"thumbnail":{"file":"soja-sequia-150x150.jpeg","width":150,"height":150,"mime-type":"image\/jpeg","source_url":"https:\/\/capeco.org.py\/wp-content\/uploads\/2022\/08\/soja-sequia-150x150.jpeg"},"medium_large":{"file":"soja-sequia-768x426.jpeg","width":768,"height":426,"mime-type":"image\/jpeg","source_url":"https:\/\/capeco.org.py\/wp-content\/uploads\/2022\/08\/soja-sequia-768x426.jpeg"}},"image_meta":{"aperture":"0","credit":"","camera":"","caption":"","created_timestamp":"0","copyright":"","focal_length":"0","iso":"0","shutter_speed":"0","title":"","orientation":"1","keywords":[]}},"post":7311,"source_url":"https:\/\/capeco.org.py\/wp-content\/uploads\/2022\/08\/soja-sequia.jpeg"},"acf":[],"_links":{"self":[{"href":"https:\/\/capeco.org.py\/en\/wp-json\/wp\/v2\/posts\/8052","targetHints":{"allow":["GET"]}}],"collection":[{"href":"https:\/\/capeco.org.py\/en\/wp-json\/wp\/v2\/posts"}],"about":[{"href":"https:\/\/capeco.org.py\/en\/wp-json\/wp\/v2\/types\/post"}],"author":[{"embeddable":true,"href":"https:\/\/capeco.org.py\/en\/wp-json\/wp\/v2\/users\/7"}],"replies":[{"embeddable":true,"href":"https:\/\/capeco.org.py\/en\/wp-json\/wp\/v2\/comments?post=8052"}],"version-history":[{"count":5,"href":"https:\/\/capeco.org.py\/en\/wp-json\/wp\/v2\/posts\/8052\/revisions"}],"predecessor-version":[{"id":8057,"href":"https:\/\/capeco.org.py\/en\/wp-json\/wp\/v2\/posts\/8052\/revisions\/8057"}],"wp:featuredmedia":[{"embeddable":true,"href":"https:\/\/capeco.org.py\/en\/wp-json\/wp\/v2\/media\/7312"}],"wp:attachment":[{"href":"https:\/\/capeco.org.py\/en\/wp-json\/wp\/v2\/media?parent=8052"}],"wp:term":[{"taxonomy":"category","embeddable":true,"href":"https:\/\/capeco.org.py\/en\/wp-json\/wp\/v2\/categories?post=8052"},{"taxonomy":"post_tag","embeddable":true,"href":"https:\/\/capeco.org.py\/en\/wp-json\/wp\/v2\/tags?post=8052"}],"curies":[{"name":"wp","href":"https:\/\/api.w.org\/{rel}","templated":true}]}}