{"id":7683,"date":"2023-03-28T10:02:03","date_gmt":"2023-03-28T14:02:03","guid":{"rendered":"https:\/\/capeco.org.py\/?p=7683"},"modified":"2023-03-28T10:04:31","modified_gmt":"2023-03-28T14:04:31","slug":"alertas-en-mercados-internacionales-influyen-en-los-precios-pero-la-expectativa-nacional-es-de-recuperacion","status":"publish","type":"post","link":"https:\/\/capeco.org.py\/en\/2023\/03\/28\/alertas-en-mercados-internacionales-influyen-en-los-precios-pero-la-expectativa-nacional-es-de-recuperacion\/","title":{"rendered":"(Espa\u00f1ol) Alertas en mercados internacionales influyen en los precios, pero la expectativa nacional es de recuperaci\u00f3n"},"content":{"rendered":"<p class=\"qtranxs-available-languages-message qtranxs-available-languages-message-en\">Sorry, this entry is only available in <a href=\"https:\/\/capeco.org.py\/es\/wp-json\/wp\/v2\/posts\/7683\" class=\"qtranxs-available-language-link qtranxs-available-language-link-es\" title=\"Espa\u00f1ol\">Espa\u00f1ol<\/a>.<\/p><p><\/p>\n<p style=\"text-align: justify;\"><strong><em>Acontecimientos en los mercados internacionales impactaron negativamente a los precios de la soja, que alcanz\u00f3 su nivel m\u00e1s bajo en este 2023, pues cotiz\u00f3 a 532,23 USD\/ton en la pen\u00faltima semana del mes de marzo. Entre los motivos se encuentran la cosecha r\u00e9cord en Brasil, as\u00ed como la incertidumbre de los inversionistas respecto a los movimientos del mercado financiero internacional. En el \u00e1mbito local, sin embargo, se espera un crecimiento de la econom\u00eda de alrededor del 5%, seg\u00fan el an\u00e1lisis de MF Econom\u00eda elaborado para Capeco. <\/em><\/strong><\/p>\n<p style=\"text-align: justify;\">Respecto al lado de la oferta, donde Brasil confirma el r\u00e9cord que superar\u00eda las 155 millones de toneladas, en el caso de Argentina, las continuas alertas con relaci\u00f3n a las mermas parecen haber tenido un efecto de ajuste en el mercado, que se organiz\u00f3 con base en los 25 millones de toneladas (incorporando las p\u00e9rdidas productivas a los an\u00e1lisis, respecto a los 48 millones de toneladas proyectados inicialmente).<\/p>\n<div id=\"attachment_7685\" style=\"width: 310px\" class=\"wp-caption alignleft\"><img loading=\"lazy\" decoding=\"async\" aria-describedby=\"caption-attachment-7685\" class=\"wp-image-7685 size-medium\" src=\"https:\/\/capeco.org.py\/wp-content\/uploads\/2023\/03\/precios-de-los-principales-commodities-300x130.png\" alt=\"\" width=\"300\" height=\"130\" srcset=\"https:\/\/capeco.org.py\/wp-content\/uploads\/2023\/03\/precios-de-los-principales-commodities-300x130.png 300w, https:\/\/capeco.org.py\/wp-content\/uploads\/2023\/03\/precios-de-los-principales-commodities-373x162.png 373w, https:\/\/capeco.org.py\/wp-content\/uploads\/2023\/03\/precios-de-los-principales-commodities-768x334.png 768w, https:\/\/capeco.org.py\/wp-content\/uploads\/2023\/03\/precios-de-los-principales-commodities.png 1151w\" sizes=\"auto, (max-width: 300px) 100vw, 300px\" \/><p id=\"caption-attachment-7685\" class=\"wp-caption-text\"><strong>Gr\u00e1fico 1:<\/strong> Precios de principales commodities<\/p><\/div>\n<p style=\"text-align: justify;\">Al mismo tiempo, uno de los principales asuntos en la econom\u00eda internacional tiene relaci\u00f3n con el alerta generada a partir la crisis bancaria estadounidense, as\u00ed como con la decisi\u00f3n de la Reserva Federal de Estados Unidos (FED), que decidi\u00f3 el 22 de marzo de 2023, elevar una vez m\u00e1s la tasa de inter\u00e9s en un cuarto de punto, para que alcance 5%. Por su parte, noticias relacionadas con el movimiento de bancos europeos frente a una posible crisis, tambi\u00e9n llevaron a los inversionistas a actuar con mayor cautela. &nbsp;<\/p>\n<p style=\"text-align: justify;\">Acerca de la econom\u00eda nacional, se recibi\u00f3 la publicaci\u00f3n del Producto Interno Bruto por parte del Banco Central del Paraguay (BCP), en fecha 24 de marzo de 2023, donde se indica que el resultado acumulado finalmente fue de una variaci\u00f3n de 0,1% al cierre del 2022.<\/p>\n<div id=\"attachment_7684\" style=\"width: 310px\" class=\"wp-caption alignleft\"><img loading=\"lazy\" decoding=\"async\" aria-describedby=\"caption-attachment-7684\" class=\"wp-image-7684 size-medium\" src=\"https:\/\/capeco.org.py\/wp-content\/uploads\/2023\/03\/inflacion-en-Paraguay-300x121.png\" alt=\"\" width=\"300\" height=\"121\" srcset=\"https:\/\/capeco.org.py\/wp-content\/uploads\/2023\/03\/inflacion-en-Paraguay-300x121.png 300w, https:\/\/capeco.org.py\/wp-content\/uploads\/2023\/03\/inflacion-en-Paraguay-403x162.png 403w, https:\/\/capeco.org.py\/wp-content\/uploads\/2023\/03\/inflacion-en-Paraguay-768x309.png 768w, https:\/\/capeco.org.py\/wp-content\/uploads\/2023\/03\/inflacion-en-Paraguay.png 1257w\" sizes=\"auto, (max-width: 300px) 100vw, 300px\" \/><p id=\"caption-attachment-7684\" class=\"wp-caption-text\"><strong>Gr\u00e1fico 2:<\/strong> Inflaci\u00f3n en Paraguay<\/p><\/div>\n<p style=\"text-align: justify;\">Respecto a las proyecciones para este 2023, se espera que el crecimiento de la econom\u00eda se encuentre alrededor del 5%. Con relaci\u00f3n al \u00edndice de precios, el BCP indica que a pesar de que la inflaci\u00f3n mundial contin\u00faa en niveles elevados, la inflaci\u00f3n local se ha desacelerado en t\u00e9rminos interanuales con una variaci\u00f3n de 7,8% al inicio de este a\u00f1o (en comparaci\u00f3n al 8,1% observado al cierre del 2022).<\/p>\n<p style=\"text-align: justify;\">A pesar de la trayectoria descendiente, dada la incertidumbre del panorama internacional, se decidi\u00f3 mantener la tasa de Pol\u00edtica Monetaria en 8,50% anual. Con relaci\u00f3n a este \u00faltimo punto, agentes del mercado esperan que la misma vaya disminuyendo en el segundo semestre, una vez que los resultados indiquen convergencia a la meta (que es la de mantener un nivel de inflaci\u00f3n del 4%).<\/p>\n<p><\/p>","protected":false},"excerpt":{"rendered":"<p>Sorry, this entry is only available in Espa\u00f1ol. Acontecimientos en los mercados internacionales impactaron negativamente a los precios de la soja, que alcanz\u00f3 su nivel m\u00e1s bajo en este 2023, pues cotiz\u00f3 a 532,23 USD\/ton en la pen\u00faltima semana del mes de marzo. Entre los motivos se encuentran la cosecha r\u00e9cord en Brasil, as\u00ed como [&hellip;]<\/p>\n","protected":false},"author":7,"featured_media":7687,"comment_status":"closed","ping_status":"closed","sticky":false,"template":"","format":"standard","meta":{"_acf_changed":false,"ngg_post_thumbnail":0,"footnotes":""},"categories":[20],"tags":[38,183,246,117,55,161,51],"class_list":["post-7683","post","type-post","status-publish","format-standard","has-post-thumbnail","hentry","category-noticias","tag-capeco","tag-commodities","tag-mercado-internacional","tag-mf-economia","tag-paraguay","tag-precios","tag-soja"],"better_featured_image":{"id":7687,"alt_text":"","caption":"","description":"","media_type":"image","media_details":{"width":1726,"height":1037,"file":"2023\/03\/granos-de-soja.jpg","sizes":{"medium":{"file":"granos-de-soja-300x180.jpg","width":300,"height":180,"mime-type":"image\/jpeg","source_url":"https:\/\/capeco.org.py\/wp-content\/uploads\/2023\/03\/granos-de-soja-300x180.jpg"},"large":{"file":"granos-de-soja-270x162.jpg","width":270,"height":162,"mime-type":"image\/jpeg","source_url":"https:\/\/capeco.org.py\/wp-content\/uploads\/2023\/03\/granos-de-soja-270x162.jpg"},"thumbnail":{"file":"granos-de-soja-150x150.jpg","width":150,"height":150,"mime-type":"image\/jpeg","source_url":"https:\/\/capeco.org.py\/wp-content\/uploads\/2023\/03\/granos-de-soja-150x150.jpg"},"medium_large":{"file":"granos-de-soja-768x461.jpg","width":768,"height":461,"mime-type":"image\/jpeg","source_url":"https:\/\/capeco.org.py\/wp-content\/uploads\/2023\/03\/granos-de-soja-768x461.jpg"},"1536x1536":{"file":"granos-de-soja-1536x923.jpg","width":1536,"height":923,"mime-type":"image\/jpeg","source_url":"https:\/\/capeco.org.py\/wp-content\/uploads\/2023\/03\/granos-de-soja-1536x923.jpg"}},"image_meta":{"aperture":"10","credit":"","camera":"NIKON D5000","caption":"","created_timestamp":"1358349797","copyright":"","focal_length":"18","iso":"200","shutter_speed":"0.0025","title":"","orientation":"1","keywords":[]}},"post":7683,"source_url":"https:\/\/capeco.org.py\/wp-content\/uploads\/2023\/03\/granos-de-soja.jpg"},"acf":[],"_links":{"self":[{"href":"https:\/\/capeco.org.py\/en\/wp-json\/wp\/v2\/posts\/7683","targetHints":{"allow":["GET"]}}],"collection":[{"href":"https:\/\/capeco.org.py\/en\/wp-json\/wp\/v2\/posts"}],"about":[{"href":"https:\/\/capeco.org.py\/en\/wp-json\/wp\/v2\/types\/post"}],"author":[{"embeddable":true,"href":"https:\/\/capeco.org.py\/en\/wp-json\/wp\/v2\/users\/7"}],"replies":[{"embeddable":true,"href":"https:\/\/capeco.org.py\/en\/wp-json\/wp\/v2\/comments?post=7683"}],"version-history":[{"count":1,"href":"https:\/\/capeco.org.py\/en\/wp-json\/wp\/v2\/posts\/7683\/revisions"}],"predecessor-version":[{"id":7686,"href":"https:\/\/capeco.org.py\/en\/wp-json\/wp\/v2\/posts\/7683\/revisions\/7686"}],"wp:featuredmedia":[{"embeddable":true,"href":"https:\/\/capeco.org.py\/en\/wp-json\/wp\/v2\/media\/7687"}],"wp:attachment":[{"href":"https:\/\/capeco.org.py\/en\/wp-json\/wp\/v2\/media?parent=7683"}],"wp:term":[{"taxonomy":"category","embeddable":true,"href":"https:\/\/capeco.org.py\/en\/wp-json\/wp\/v2\/categories?post=7683"},{"taxonomy":"post_tag","embeddable":true,"href":"https:\/\/capeco.org.py\/en\/wp-json\/wp\/v2\/tags?post=7683"}],"curies":[{"name":"wp","href":"https:\/\/api.w.org\/{rel}","templated":true}]}}