{"id":7669,"date":"2023-03-17T12:23:49","date_gmt":"2023-03-17T15:23:49","guid":{"rendered":"https:\/\/capeco.org.py\/?p=7669"},"modified":"2023-03-17T12:26:39","modified_gmt":"2023-03-17T15:26:39","slug":"candidatos-a-la-presidencia-debatieron-sus-propuestas-sobre-el-sector-productivo-con-los-socios-de-capeco","status":"publish","type":"post","link":"https:\/\/capeco.org.py\/en\/2023\/03\/17\/candidatos-a-la-presidencia-debatieron-sus-propuestas-sobre-el-sector-productivo-con-los-socios-de-capeco\/","title":{"rendered":"(Espa\u00f1ol) Candidatos a la Presidencia debatieron sus propuestas sobre el sector productivo con los socios de Capeco"},"content":{"rendered":"<p class=\"qtranxs-available-languages-message qtranxs-available-languages-message-en\">Sorry, this entry is only available in <a href=\"https:\/\/capeco.org.py\/es\/wp-json\/wp\/v2\/posts\/7669\" class=\"qtranxs-available-language-link qtranxs-available-language-link-es\" title=\"Espa\u00f1ol\">Espa\u00f1ol<\/a>.<\/p><p><\/p>\n<p style=\"text-align: justify;\"><strong><em>Los candidatos a la Presidencia de la Rep\u00fablica de Paraguay Santiago Pe\u00f1a, de la Asociaci\u00f3n Nacional Republicana (ANR), y Efra\u00edn Alegre, de la Concertaci\u00f3n Nacional, debatieron con los socios de Capeco sus planes de gobierno en general y las pol\u00edticas p\u00fablicas para el sector productivo en particular durante dos encuentros llevados a cabo en la sede del gremio en Asunci\u00f3n. <\/em><\/strong><\/p>\n<p style=\"text-align: justify;\">Ambos candidatos compartieron con los socios de Capeco e invitados especiales su plan de gobierno, adem\u00e1s de exponer sus opiniones sobre temas relacionados con la agenda del sector productivo.<\/p>\n<p style=\"text-align: justify;\">El encuentro con Santiago Pe\u00f1a se realiz\u00f3 el 7 de marzo y con Efra\u00edn Alegre, el 10 de marzo.<\/p>\n<p><\/p>","protected":false},"excerpt":{"rendered":"<p>Sorry, this entry is only available in Espa\u00f1ol. Los candidatos a la Presidencia de la Rep\u00fablica de Paraguay Santiago Pe\u00f1a, de la Asociaci\u00f3n Nacional Republicana (ANR), y Efra\u00edn Alegre, de la Concertaci\u00f3n Nacional, debatieron con los socios de Capeco sus planes de gobierno en general y las pol\u00edticas p\u00fablicas para el sector productivo en particular [&hellip;]<\/p>\n","protected":false},"author":7,"featured_media":7670,"comment_status":"closed","ping_status":"closed","sticky":false,"template":"","format":"standard","meta":{"_acf_changed":false,"ngg_post_thumbnail":0,"footnotes":""},"categories":[20],"tags":[307,308,38,306,304,55,305],"class_list":["post-7669","post","type-post","status-publish","format-standard","has-post-thumbnail","hentry","category-noticias","tag-anr","tag-candidatos","tag-capeco","tag-concertacion-nacional","tag-efrain-alegre","tag-paraguay","tag-santiago-pena"],"better_featured_image":{"id":7670,"alt_text":"","caption":"","description":"","media_type":"image","media_details":{"width":1920,"height":1080,"file":"2023\/03\/efra-santi.jpg","sizes":{"medium":{"file":"efra-santi-300x169.jpg","width":300,"height":169,"mime-type":"image\/jpeg","source_url":"https:\/\/capeco.org.py\/wp-content\/uploads\/2023\/03\/efra-santi-300x169.jpg"},"large":{"file":"efra-santi-288x162.jpg","width":288,"height":162,"mime-type":"image\/jpeg","source_url":"https:\/\/capeco.org.py\/wp-content\/uploads\/2023\/03\/efra-santi-288x162.jpg"},"thumbnail":{"file":"efra-santi-150x150.jpg","width":150,"height":150,"mime-type":"image\/jpeg","source_url":"https:\/\/capeco.org.py\/wp-content\/uploads\/2023\/03\/efra-santi-150x150.jpg"},"medium_large":{"file":"efra-santi-768x432.jpg","width":768,"height":432,"mime-type":"image\/jpeg","source_url":"https:\/\/capeco.org.py\/wp-content\/uploads\/2023\/03\/efra-santi-768x432.jpg"},"1536x1536":{"file":"efra-santi-1536x864.jpg","width":1536,"height":864,"mime-type":"image\/jpeg","source_url":"https:\/\/capeco.org.py\/wp-content\/uploads\/2023\/03\/efra-santi-1536x864.jpg"}},"image_meta":{"aperture":"0","credit":"","camera":"","caption":"","created_timestamp":"0","copyright":"","focal_length":"0","iso":"0","shutter_speed":"0","title":"","orientation":"1","keywords":[]}},"post":7669,"source_url":"https:\/\/capeco.org.py\/wp-content\/uploads\/2023\/03\/efra-santi.jpg"},"acf":[],"_links":{"self":[{"href":"https:\/\/capeco.org.py\/en\/wp-json\/wp\/v2\/posts\/7669","targetHints":{"allow":["GET"]}}],"collection":[{"href":"https:\/\/capeco.org.py\/en\/wp-json\/wp\/v2\/posts"}],"about":[{"href":"https:\/\/capeco.org.py\/en\/wp-json\/wp\/v2\/types\/post"}],"author":[{"embeddable":true,"href":"https:\/\/capeco.org.py\/en\/wp-json\/wp\/v2\/users\/7"}],"replies":[{"embeddable":true,"href":"https:\/\/capeco.org.py\/en\/wp-json\/wp\/v2\/comments?post=7669"}],"version-history":[{"count":2,"href":"https:\/\/capeco.org.py\/en\/wp-json\/wp\/v2\/posts\/7669\/revisions"}],"predecessor-version":[{"id":7672,"href":"https:\/\/capeco.org.py\/en\/wp-json\/wp\/v2\/posts\/7669\/revisions\/7672"}],"wp:featuredmedia":[{"embeddable":true,"href":"https:\/\/capeco.org.py\/en\/wp-json\/wp\/v2\/media\/7670"}],"wp:attachment":[{"href":"https:\/\/capeco.org.py\/en\/wp-json\/wp\/v2\/media?parent=7669"}],"wp:term":[{"taxonomy":"category","embeddable":true,"href":"https:\/\/capeco.org.py\/en\/wp-json\/wp\/v2\/categories?post=7669"},{"taxonomy":"post_tag","embeddable":true,"href":"https:\/\/capeco.org.py\/en\/wp-json\/wp\/v2\/tags?post=7669"}],"curies":[{"name":"wp","href":"https:\/\/api.w.org\/{rel}","templated":true}]}}