{"id":7647,"date":"2023-02-23T14:30:42","date_gmt":"2023-02-23T17:30:42","guid":{"rendered":"https:\/\/capeco.org.py\/?p=7647"},"modified":"2023-02-23T14:40:01","modified_gmt":"2023-02-23T17:40:01","slug":"lluvias-de-variada-intensidad-y-descenso-de-temperatura-para-los-proximos-dias","status":"publish","type":"post","link":"https:\/\/capeco.org.py\/en\/2023\/02\/23\/lluvias-de-variada-intensidad-y-descenso-de-temperatura-para-los-proximos-dias\/","title":{"rendered":"(Espa\u00f1ol) Lluvias de variada intensidad y descenso de temperatura para los pr\u00f3ximos d\u00edas"},"content":{"rendered":"<p class=\"qtranxs-available-languages-message qtranxs-available-languages-message-en\">Sorry, this entry is only available in <a href=\"https:\/\/capeco.org.py\/es\/wp-json\/wp\/v2\/posts\/7647\" class=\"qtranxs-available-language-link qtranxs-available-language-link-es\" title=\"Espa\u00f1ol\">Espa\u00f1ol<\/a>.<\/p><p><\/p>\n<p style=\"text-align: justify;\"><strong><em>En las pr\u00f3ximas dos semanas se esperan precipitaciones de variada intensidad y luego un descenso de temperatura sobre el \u00e1rea agr\u00edcola de la regi\u00f3n sur del continente americano, seg\u00fan el pron\u00f3stico elaborado por el asesor agrometeorol\u00f3gico de Capeco, Ing. Agr. Eduardo Sierra.<\/em><\/strong><\/p>\n<p style=\"text-align: justify;\">De acuerdo con el pron\u00f3stico de Sierra, la primera etapa de la perspectiva clim\u00e1tica (<strong>23 de febrero al 1 de marzo<\/strong>) comenzar\u00e1 con vientos del tr\u00f3pico, lo cual causar\u00e1 temperaturas m\u00e1ximas de variada intensidad, con focos de calor intenso sobre el interior del \u00e1rea agr\u00edcola de la regi\u00f3n sur, y registros moderados sobre las zonas serranas y el litoral atl\u00e1ntico.<\/p>\n<p style=\"text-align: justify;\">La mayor parte del \u00e1rea agr\u00edcola observar\u00e1 temperaturas m\u00e1ximas entre 30 y 35 \u00b0C. Gran parte del centro y el oeste de Paraguay, el norte de la regi\u00f3n del Chaco, el sudeste del NOA, el norte de la regi\u00f3n pampeana, el centro y el sur de la Mesopotamia, el sudoeste de la regi\u00f3n pampeana y extremo occidental de Uruguay registrar\u00e1n focos de calor intenso con m\u00e1ximas de m\u00e1s de 35 \u00b0C, y focos aislados de m\u00e1s de 40 \u00b0C.<\/p>\n<p style=\"text-align: justify;\">S\u00f3lo las zonas serranas y el litoral atl\u00e1ntico experimentar\u00e1n m\u00e1ximas de menos de 35 \u00b0C.<\/p>\n<p style=\"text-align: justify;\">Paralelamente, se pronostica el paso de un frente de tormenta, que provocar\u00e1 precipitaciones abundantes sobre el norte, el oeste y el extremo sur del \u00e1rea agr\u00edcola del Conosur, pero dejando un amplio foco de registros escasos que afectar\u00e1 a gran parte de la zona productiva en Argentina y Uruguay, as\u00ed como al oeste y el centro de Paraguay.<\/p>\n<p style=\"text-align: justify;\">Gran parte del NOA, la regi\u00f3n del Chaco, el sur de la regi\u00f3n Oriental de Paraguay y el norte de la Mesopotamia observar\u00e1n precipitaciones abundantes (m\u00e1s de 25 mm), con amplios focos de tormentas severas con riesgo de vientos, granizo y aguaceros torrenciales (m\u00e1s de 100 mm).<\/p>\n<p style=\"text-align: justify;\">El norte de la regi\u00f3n Oriental de Paraguay, gran parte de Cuyo y los extremos oeste y sur de la regi\u00f3n pampeana observar\u00e1n precipitaciones moderadas a abundantes (10 a 75 mm).<\/p>\n<p style=\"text-align: justify;\">Un amplio foco seco, con precipitaciones de menos de 10 mm se extender\u00e1 sobre la mayor parte de la regi\u00f3n Occidental de Paraguay.<\/p>\n<p style=\"text-align: justify;\">Junto con el frente de tormentas, arribar\u00e1n los vientos polares que dar\u00e1n inicio a un descenso t\u00e9rmico, con temperaturas m\u00ednimas bajo lo normal, pero con escaso riesgo de heladas localizadas.<\/p>\n<p style=\"text-align: justify;\">El este del NOA, la regi\u00f3n del Chaco, el extremo norte de la Mesopotamia y la mayor parte de Paraguay observar\u00e1n temperaturas m\u00ednimas superiores a 20 \u00b0C, con varios focos con valores inferiores.<\/p>\n<p style=\"text-align: justify;\">Durante el segundo periodo de la perspectiva (<strong>del 2 al 8 de marzo de 2023<\/strong>) se registrar\u00edan temperaturas por debajo de lo normal. Continuar\u00eda con un marcado ascenso t\u00e9rmico y finalizar\u00eda el paso de un frente de tormenta con actividad muy irregular, por lo que se producir\u00edan precipitaciones intensas.<\/p>\n<p style=\"text-align: justify;\">A continuaci\u00f3n, retornar\u00e1n los vientos del tr\u00f3pico, produciendo un variado escenario t\u00e9rmico, con amplios focos de calor hacia el interior del \u00e1rea agr\u00edcola, y registros menos intensos hacia el litoral atl\u00e1ntico.<\/p>\n<p style=\"text-align: justify;\">La mayor parte del \u00e1rea agr\u00edcola observar\u00e1 temperaturas m\u00e1ximas entre 30 y 35 \u00b0C.<\/p>\n<p style=\"text-align: justify;\">Gran parte del centro y el oeste de Paraguay, el extremo norte de la regi\u00f3n del Chaco, el sudeste del NOA, el norte de la regi\u00f3n pampeana, el centro y el sur de la Mesopotamia, el sudoeste de la regi\u00f3n pampeana y extremo occidental de Uruguay registrar\u00e1n focos de calor intenso con m\u00e1ximas de m\u00e1s de 35 \u00b0C, y focos aislados de m\u00e1s de 40 \u00b0C.<\/p>\n<p style=\"text-align: justify;\">Hacia el final de la segunda etapa de la perspectiva, se iniciar\u00e1 el paso de un frente de tormenta, con actividad muy irregular, que producir\u00e1 precipitaciones intensas, con focos de tormentas sobre el norte y el centro-oeste del \u00e1rea agr\u00edcola, pero dejando un amplio foco seco que afectar\u00e1 al sudeste del NOA, el sur de la regi\u00f3n del Chaco, gran parte de la regi\u00f3n pampeana, el centro y el sur de la Mesopotamia y la mayor parte del Uruguay.<\/p>\n<p style=\"text-align: justify;\">La mayor parte del NOA, la mayor parte de Paraguay, el centro y el norte de la regi\u00f3n del Chaco, el norte de la Mesopotamia, gran parte de Cuyo y el noroeste de la regi\u00f3n pampeana observar\u00e1n precipitaciones de muy variada intensidad, desde moderadas a muy abundantes (10 a 75 mm), con focos de tormentas de gran intensidad, con riesgo de aguaceros torrenciales, granizo y vientos, que se alternar\u00e1n con focos de valores moderados a escasos.<\/p>\n<p style=\"text-align: justify;\">Sierra aclara que dado que lo expuesto representa solo el comienzo del paso del frente, ser\u00eda posible que en los d\u00edas subsiguientes (9 de marzo en adelante) tengan lugar precipitaciones en la zona n\u00facleo de Argentina y el Uruguay, lo cual ser\u00e1 ratificado o rectificado en su pr\u00f3ximo informe.<\/p>\n<p><\/p>","protected":false},"excerpt":{"rendered":"<p>Sorry, this entry is only available in Espa\u00f1ol. En las pr\u00f3ximas dos semanas se esperan precipitaciones de variada intensidad y luego un descenso de temperatura sobre el \u00e1rea agr\u00edcola de la regi\u00f3n sur del continente americano, seg\u00fan el pron\u00f3stico elaborado por el asesor agrometeorol\u00f3gico de Capeco, Ing. Agr. Eduardo Sierra. De acuerdo con el pron\u00f3stico [&hellip;]<\/p>\n","protected":false},"author":7,"featured_media":7648,"comment_status":"closed","ping_status":"closed","sticky":false,"template":"","format":"standard","meta":{"_acf_changed":false,"ngg_post_thumbnail":0,"footnotes":""},"categories":[20],"tags":[38,91,122,55,210,300],"class_list":["post-7647","post","type-post","status-publish","format-standard","has-post-thumbnail","hentry","category-noticias","tag-capeco","tag-eduardo-sierra","tag-lluvias","tag-paraguay","tag-pronostico-agroclimatico-semanal","tag-temperaturas-bajas"],"better_featured_image":{"id":7648,"alt_text":"","caption":"","description":"","media_type":"image","media_details":{"width":1000,"height":570,"file":"2023\/02\/lluvia-cultivo-de-soja.jpg","sizes":{"medium":{"file":"lluvia-cultivo-de-soja-300x171.jpg","width":300,"height":171,"mime-type":"image\/jpeg","source_url":"https:\/\/capeco.org.py\/wp-content\/uploads\/2023\/02\/lluvia-cultivo-de-soja-300x171.jpg"},"large":{"file":"lluvia-cultivo-de-soja-284x162.jpg","width":284,"height":162,"mime-type":"image\/jpeg","source_url":"https:\/\/capeco.org.py\/wp-content\/uploads\/2023\/02\/lluvia-cultivo-de-soja-284x162.jpg"},"thumbnail":{"file":"lluvia-cultivo-de-soja-150x150.jpg","width":150,"height":150,"mime-type":"image\/jpeg","source_url":"https:\/\/capeco.org.py\/wp-content\/uploads\/2023\/02\/lluvia-cultivo-de-soja-150x150.jpg"},"medium_large":{"file":"lluvia-cultivo-de-soja-768x438.jpg","width":768,"height":438,"mime-type":"image\/jpeg","source_url":"https:\/\/capeco.org.py\/wp-content\/uploads\/2023\/02\/lluvia-cultivo-de-soja-768x438.jpg"}},"image_meta":{"aperture":"0","credit":"","camera":"","caption":"","created_timestamp":"0","copyright":"","focal_length":"0","iso":"0","shutter_speed":"0","title":"","orientation":"0","keywords":[]}},"post":7647,"source_url":"https:\/\/capeco.org.py\/wp-content\/uploads\/2023\/02\/lluvia-cultivo-de-soja.jpg"},"acf":[],"_links":{"self":[{"href":"https:\/\/capeco.org.py\/en\/wp-json\/wp\/v2\/posts\/7647","targetHints":{"allow":["GET"]}}],"collection":[{"href":"https:\/\/capeco.org.py\/en\/wp-json\/wp\/v2\/posts"}],"about":[{"href":"https:\/\/capeco.org.py\/en\/wp-json\/wp\/v2\/types\/post"}],"author":[{"embeddable":true,"href":"https:\/\/capeco.org.py\/en\/wp-json\/wp\/v2\/users\/7"}],"replies":[{"embeddable":true,"href":"https:\/\/capeco.org.py\/en\/wp-json\/wp\/v2\/comments?post=7647"}],"version-history":[{"count":2,"href":"https:\/\/capeco.org.py\/en\/wp-json\/wp\/v2\/posts\/7647\/revisions"}],"predecessor-version":[{"id":7650,"href":"https:\/\/capeco.org.py\/en\/wp-json\/wp\/v2\/posts\/7647\/revisions\/7650"}],"wp:featuredmedia":[{"embeddable":true,"href":"https:\/\/capeco.org.py\/en\/wp-json\/wp\/v2\/media\/7648"}],"wp:attachment":[{"href":"https:\/\/capeco.org.py\/en\/wp-json\/wp\/v2\/media?parent=7647"}],"wp:term":[{"taxonomy":"category","embeddable":true,"href":"https:\/\/capeco.org.py\/en\/wp-json\/wp\/v2\/categories?post=7647"},{"taxonomy":"post_tag","embeddable":true,"href":"https:\/\/capeco.org.py\/en\/wp-json\/wp\/v2\/tags?post=7647"}],"curies":[{"name":"wp","href":"https:\/\/api.w.org\/{rel}","templated":true}]}}