{"id":7226,"date":"2022-06-10T16:21:43","date_gmt":"2022-06-10T20:21:43","guid":{"rendered":"http:\/\/capeco.org.py\/?p=7226"},"modified":"2022-06-13T05:48:29","modified_gmt":"2022-06-13T09:48:29","slug":"jornada-sobre-manejo-y-conservacion-de-suelo","status":"publish","type":"post","link":"https:\/\/capeco.org.py\/en\/2022\/06\/10\/jornada-sobre-manejo-y-conservacion-de-suelo\/","title":{"rendered":"(Espa\u00f1ol) Jornada sobre Manejo y Conservaci\u00f3n de Suelo"},"content":{"rendered":"<p class=\"qtranxs-available-languages-message qtranxs-available-languages-message-en\">Sorry, this entry is only available in <a href=\"https:\/\/capeco.org.py\/es\/wp-json\/wp\/v2\/posts\/7226\" class=\"qtranxs-available-language-link qtranxs-available-language-link-es\" title=\"Espa\u00f1ol\">Espa\u00f1ol<\/a>.<\/p><p><\/p>\n<p style=\"text-align: justify;\"><strong><em>Manejo y conservaci\u00f3n de suelo en cultivos de renta y consumo es el concepto que ser\u00e1 transmitido en la jornada de campo que se desarrollar\u00e1 este mi\u00e9rcoles 15 de junio, en Edelira (Itap\u00faa), en la propiedad del productor V\u00edctor Ram\u00edrez, Dominga Ozuna y parcela de colecci\u00f3n de la Direcci\u00f3n de Extensi\u00f3n Agraria (DEAg) del Ministerio de Agricultura y Ganader\u00eda (MAG).<\/em><\/strong><\/p>\n<p style=\"text-align: justify;\">Este encuentro, que es apoyado por Capeco, tendr\u00e1 varios puntos a desarrollar, como el Cultivo de Ma\u00edz y Manejo de Productos Fitosanitarios; Calicata: importancia de la conservaci\u00f3n del suelo con uso de abonos verdes; Cultivo de Yerba Mate: manejo del cultivo, importancia de una buena poda, aplicaci\u00f3n de fitosanitarios y correcci\u00f3n nutricional; Cultivo de mandioca: manejo e importancia del cultivo de la mandioca para consumo y renta; Industrializaci\u00f3n del cultivo de la mandioca, y Presentaci\u00f3n de silicatos como insumo agr\u00edcola para una agricultura ecol\u00f3gicamente sostenible. &nbsp;&nbsp;&nbsp;&nbsp;&nbsp;<\/p>\n<p style=\"text-align: justify;\">Al finalizar la jornada de campo se prev\u00e9 una plenaria entre los actores.<\/p>\n<p>&nbsp;<\/p>","protected":false},"excerpt":{"rendered":"<p>Sorry, this entry is only available in Espa\u00f1ol. Manejo y conservaci\u00f3n de suelo en cultivos de renta y consumo es el concepto que ser\u00e1 transmitido en la jornada de campo que se desarrollar\u00e1 este mi\u00e9rcoles 15 de junio, en Edelira (Itap\u00faa), en la propiedad del productor V\u00edctor Ram\u00edrez, Dominga Ozuna y parcela de colecci\u00f3n de [&hellip;]<\/p>\n","protected":false},"author":7,"featured_media":6275,"comment_status":"closed","ping_status":"closed","sticky":false,"template":"","format":"standard","meta":{"_acf_changed":false,"ngg_post_thumbnail":0,"footnotes":""},"categories":[20],"tags":[159,160],"class_list":["post-7226","post","type-post","status-publish","format-standard","has-post-thumbnail","hentry","category-noticias","tag-jornada-de-campo","tag-manejo-y-conservacion-de-suelo"],"better_featured_image":{"id":6275,"alt_text":"","caption":"","description":"","media_type":"image","media_details":{"width":1280,"height":958,"file":"2021\/11\/IMG-20211108-WA0070.jpg","sizes":{"medium":{"file":"IMG-20211108-WA0070-300x225.jpg","width":300,"height":225,"mime-type":"image\/jpeg","source_url":"https:\/\/capeco.org.py\/wp-content\/uploads\/2021\/11\/IMG-20211108-WA0070-300x225.jpg"},"large":{"file":"IMG-20211108-WA0070-216x162.jpg","width":216,"height":162,"mime-type":"image\/jpeg","source_url":"https:\/\/capeco.org.py\/wp-content\/uploads\/2021\/11\/IMG-20211108-WA0070-216x162.jpg"},"thumbnail":{"file":"IMG-20211108-WA0070-150x150.jpg","width":150,"height":150,"mime-type":"image\/jpeg","source_url":"https:\/\/capeco.org.py\/wp-content\/uploads\/2021\/11\/IMG-20211108-WA0070-150x150.jpg"},"medium_large":{"file":"IMG-20211108-WA0070-768x575.jpg","width":768,"height":575,"mime-type":"image\/jpeg","source_url":"https:\/\/capeco.org.py\/wp-content\/uploads\/2021\/11\/IMG-20211108-WA0070-768x575.jpg"}},"image_meta":{"aperture":"0","credit":"","camera":"","caption":"","created_timestamp":"0","copyright":"","focal_length":"0","iso":"0","shutter_speed":"0","title":"","orientation":"0","keywords":[]}},"post":6274,"source_url":"https:\/\/capeco.org.py\/wp-content\/uploads\/2021\/11\/IMG-20211108-WA0070.jpg"},"acf":[],"_links":{"self":[{"href":"https:\/\/capeco.org.py\/en\/wp-json\/wp\/v2\/posts\/7226","targetHints":{"allow":["GET"]}}],"collection":[{"href":"https:\/\/capeco.org.py\/en\/wp-json\/wp\/v2\/posts"}],"about":[{"href":"https:\/\/capeco.org.py\/en\/wp-json\/wp\/v2\/types\/post"}],"author":[{"embeddable":true,"href":"https:\/\/capeco.org.py\/en\/wp-json\/wp\/v2\/users\/7"}],"replies":[{"embeddable":true,"href":"https:\/\/capeco.org.py\/en\/wp-json\/wp\/v2\/comments?post=7226"}],"version-history":[{"count":2,"href":"https:\/\/capeco.org.py\/en\/wp-json\/wp\/v2\/posts\/7226\/revisions"}],"predecessor-version":[{"id":7239,"href":"https:\/\/capeco.org.py\/en\/wp-json\/wp\/v2\/posts\/7226\/revisions\/7239"}],"wp:featuredmedia":[{"embeddable":true,"href":"https:\/\/capeco.org.py\/en\/wp-json\/wp\/v2\/media\/6275"}],"wp:attachment":[{"href":"https:\/\/capeco.org.py\/en\/wp-json\/wp\/v2\/media?parent=7226"}],"wp:term":[{"taxonomy":"category","embeddable":true,"href":"https:\/\/capeco.org.py\/en\/wp-json\/wp\/v2\/categories?post=7226"},{"taxonomy":"post_tag","embeddable":true,"href":"https:\/\/capeco.org.py\/en\/wp-json\/wp\/v2\/tags?post=7226"}],"curies":[{"name":"wp","href":"https:\/\/api.w.org\/{rel}","templated":true}]}}