{"id":7209,"date":"2022-06-07T15:13:16","date_gmt":"2022-06-07T19:13:16","guid":{"rendered":"http:\/\/capeco.org.py\/?p=7209"},"modified":"2022-06-22T15:09:16","modified_gmt":"2022-06-22T19:09:16","slug":"charla-factores-condicionantes-de-la-agricultura-paraguaya-avances-procesos-y-perspectivas","status":"publish","type":"post","link":"https:\/\/capeco.org.py\/en\/2022\/06\/07\/charla-factores-condicionantes-de-la-agricultura-paraguaya-avances-procesos-y-perspectivas\/","title":{"rendered":"(Espa\u00f1ol) Charla Factores condicionantes de la agricultura paraguaya: avances, procesos y perspectivas &#8211; 2022"},"content":{"rendered":"<p class=\"qtranxs-available-languages-message qtranxs-available-languages-message-en\">Sorry, this entry is only available in <a href=\"https:\/\/capeco.org.py\/es\/wp-json\/wp\/v2\/posts\/7209\" class=\"qtranxs-available-language-link qtranxs-available-language-link-es\" title=\"Espa\u00f1ol\">Espa\u00f1ol<\/a>.<\/p><p><\/p>\n<p style=\"text-align: justify;\">Las actividades productivas agr\u00edcolas han sido la base econ\u00f3mica, social y cultural de Paraguay en los \u00faltimos cuatro siglos y medio. Sin embargo, a lo largo de varias d\u00e9cadas, especialmente en el siglo XX, han existido serias limitaciones y problemas que han impedido, limitado o retardado el desarrollo agr\u00edcola y econ\u00f3mico de vastas regiones.<\/p>\n<p style=\"text-align: justify;\">La charla abordar\u00e1 el conjunto de situaciones demogr\u00e1ficas, tecnol\u00f3gicas y de infraestructura que retrasaron excesivamente el desarrollo agropecuario y, en consecuencia, el crecimiento econ\u00f3mico.&nbsp; B\u00e1sicamente, durante demasiados siglos los paraguayos hemos sido poco numerosos, lo que se traduce en un mercado interno extremadamente peque\u00f1os, adem\u00e1s de disponer de un muy limitado poder de compra.<\/p>\n<p style=\"text-align: justify;\">Estas condiciones se revirtieron a finales del siglo XX, lo que favoreci\u00f3, no sin nuevos problemas, el auge productivo y la aparici\u00f3n de cadenas de valor inclusivas que comenzaron a cambiar la fisonom\u00eda de varias zonas rurales del pa\u00eds.<\/p>\n<p><span style=\"text-decoration: underline;\">Fecha<\/span>: S\u00e1bado, 02 de julio de 2022<\/p>\n<p><span style=\"text-decoration: underline;\">Lugar<\/span>: Sal\u00f3n Auditorio de la <a href=\"https:\/\/goo.gl\/maps\/rNjwNwoSwM4ngNEH7\">Capeco<\/a>, Avda. Brasilia 840 entre Sargento Gauto y Luis de Granada &#8211; Barrio Jara &#8211; Asunci\u00f3n<\/p>\n<p><span style=\"text-decoration: underline;\">Disertante<\/span>: Dr. Fabricio V\u00e1zquez*<\/p>\n<p><span style=\"text-decoration: underline;\">Programa<\/span><em> (puede sufrir modificaciones)<\/em>:<\/p>\n<table style=\"border-collapse: collapse; width: 100%; height: 216px;\">\n<tbody>\n<tr style=\"height: 24px;\">\n<td style=\"width: 25%; height: 24px;\">08:30 h a 08:50 h<\/td>\n<td style=\"width: 25%; height: 24px;\">Inscripciones<\/td>\n<td style=\"width: 50%; height: 24px;\">&nbsp;<\/td>\n<\/tr>\n<tr style=\"height: 24px;\">\n<td style=\"width: 25%; height: 24px;\">08:50 h a 09:00 h<\/td>\n<td style=\"width: 25%; height: 24px;\">Palabras de Bienvenidas<\/td>\n<td style=\"width: 50%; height: 24px;\">&nbsp;<\/td>\n<\/tr>\n<tr style=\"height: 48px;\">\n<td style=\"width: 25%; height: 48px;\">09:00 h a 09:40 h<\/td>\n<td style=\"width: 25%; height: 48px;\">Dr. Fabricio V\u00e1zquez<\/td>\n<td style=\"width: 50%; height: 48px;\">Factores limitantes en la historia de la agricultura paraguaya hasta 1960.<\/td>\n<\/tr>\n<tr style=\"height: 24px;\">\n<td style=\"width: 25%; height: 24px;\">09:40 h a 10:20 h<\/td>\n<td style=\"width: 25%; height: 24px;\">Dr. Fabricio V\u00e1zquez<\/td>\n<td style=\"width: 50%; height: 24px;\">Condiciones para el cambio estructural<\/td>\n<\/tr>\n<tr style=\"height: 24px;\">\n<td style=\"width: 25%; height: 24px;\">10:20 h a 10:40 h<\/td>\n<td style=\"width: 25%; height: 24px;\">Refrigerio<\/td>\n<td style=\"width: 50%; height: 24px;\">&nbsp;<\/td>\n<\/tr>\n<tr style=\"height: 24px;\">\n<td style=\"width: 25%; height: 24px;\">10:40 h a 11:30 h<\/td>\n<td style=\"width: 25%; height: 24px;\">Ing. Agr. Luis Cubilla<br \/>\nIng. Agr. Luisa Ram\u00edrez<\/td>\n<td style=\"width: 50%; height: 24px;\">Innovaciones tecnol\u00f3gicas<\/td>\n<\/tr>\n<tr style=\"height: 24px;\">\n<td style=\"width: 25%; height: 24px;\">11:30 a 12:00 h<\/td>\n<td style=\"width: 25%; height: 24px;\">Dr. Fabricio V\u00e1zquez<\/td>\n<td style=\"width: 50%; height: 24px;\">Mejoramiento de condiciones del mundo rural<\/td>\n<\/tr>\n<tr style=\"height: 24px;\">\n<td style=\"width: 25%; height: 24px;\">12:00 h a 12:15 h<\/td>\n<td style=\"width: 25%; height: 24px;\">&nbsp;<\/td>\n<td style=\"width: 50%; height: 24px;\">Cierre<\/td>\n<\/tr>\n<\/tbody>\n<\/table>\n<p><strong>Entrada libre y gratuita.&nbsp;&nbsp;<\/strong><\/p>\n<p>Abierto a todo p\u00fablico interesado.&nbsp; \u00a1J\u00f3venes sean muy bienvenidos!<\/p>\n<p><a href=\"https:\/\/forms.gle\/VZE2xSsWNEEDcZ6a7\">Pre-inscripciones clic aqu\u00ed<\/a> &#8211; Solo para los que asistir\u00e1n en auditorio. CUPOS LIMITADOS<\/p>\n<p>&#8211;Habr\u00e1 trasmisi\u00f3n en vivo por facebook @capecopy para la gente del interior del pa\u00eds.&#8211;<\/p>\n<p><em>*El Dr. Fabricio V\u00e1zquez, es egresado de la Facultad de Ciencias Agrarias, Doctor en Geograf\u00eda y Ordenamiento Territorial por la Universidad de Toulouse, Francia. Investigador en temas de desarrollo y econom\u00eda regional, din\u00e1micas territoriales y procesos demogr\u00e1ficos.<\/em><\/p>","protected":false},"excerpt":{"rendered":"<p>Sorry, this entry is only available in Espa\u00f1ol. Las actividades productivas agr\u00edcolas han sido la base econ\u00f3mica, social y cultural de Paraguay en los \u00faltimos cuatro siglos y medio. Sin embargo, a lo largo de varias d\u00e9cadas, especialmente en el siglo XX, han existido serias limitaciones y problemas que han impedido, limitado o retardado el [&hellip;]<\/p>\n","protected":false},"author":6,"featured_media":0,"comment_status":"closed","ping_status":"closed","sticky":false,"template":"","format":"standard","meta":{"_acf_changed":false,"ngg_post_thumbnail":0,"footnotes":""},"categories":[21],"tags":[156,38,59,157,158,55],"class_list":["post-7209","post","type-post","status-publish","format-standard","hentry","category-charlas-eventos","tag-agrocultura","tag-capeco","tag-charla","tag-fabricio-vazquez","tag-historia","tag-paraguay"],"better_featured_image":null,"acf":[],"_links":{"self":[{"href":"https:\/\/capeco.org.py\/en\/wp-json\/wp\/v2\/posts\/7209","targetHints":{"allow":["GET"]}}],"collection":[{"href":"https:\/\/capeco.org.py\/en\/wp-json\/wp\/v2\/posts"}],"about":[{"href":"https:\/\/capeco.org.py\/en\/wp-json\/wp\/v2\/types\/post"}],"author":[{"embeddable":true,"href":"https:\/\/capeco.org.py\/en\/wp-json\/wp\/v2\/users\/6"}],"replies":[{"embeddable":true,"href":"https:\/\/capeco.org.py\/en\/wp-json\/wp\/v2\/comments?post=7209"}],"version-history":[{"count":6,"href":"https:\/\/capeco.org.py\/en\/wp-json\/wp\/v2\/posts\/7209\/revisions"}],"predecessor-version":[{"id":7262,"href":"https:\/\/capeco.org.py\/en\/wp-json\/wp\/v2\/posts\/7209\/revisions\/7262"}],"wp:attachment":[{"href":"https:\/\/capeco.org.py\/en\/wp-json\/wp\/v2\/media?parent=7209"}],"wp:term":[{"taxonomy":"category","embeddable":true,"href":"https:\/\/capeco.org.py\/en\/wp-json\/wp\/v2\/categories?post=7209"},{"taxonomy":"post_tag","embeddable":true,"href":"https:\/\/capeco.org.py\/en\/wp-json\/wp\/v2\/tags?post=7209"}],"curies":[{"name":"wp","href":"https:\/\/api.w.org\/{rel}","templated":true}]}}