{"id":5598,"date":"2019-11-06T15:17:56","date_gmt":"2019-11-06T18:17:56","guid":{"rendered":"http:\/\/capeco.org.py\/?p=5598"},"modified":"2019-11-08T12:36:31","modified_gmt":"2019-11-08T15:36:31","slug":"capacitacion-en-siembra-directa-manejo-de-la-materia-organica-y-fertilizacion","status":"publish","type":"post","link":"https:\/\/capeco.org.py\/en\/2019\/11\/06\/capacitacion-en-siembra-directa-manejo-de-la-materia-organica-y-fertilizacion\/","title":{"rendered":"(Espa\u00f1ol) Capacitaci\u00f3n en Siembra Directa &#8211; Manejo de la Materia Org\u00e1nica y Fertilizaci\u00f3n"},"content":{"rendered":"<p class=\"qtranxs-available-languages-message qtranxs-available-languages-message-en\">Sorry, this entry is only available in <a href=\"https:\/\/capeco.org.py\/es\/wp-json\/wp\/v2\/posts\/5598\" class=\"qtranxs-available-language-link qtranxs-available-language-link-es\" title=\"Espa\u00f1ol\">Espa\u00f1ol<\/a>.<\/p><p>Capeco ofrecer\u00e1 cuatro charlas de Capacitaci\u00f3n y tres peque\u00f1as salidas de campo referentes al Sistema de Siembra Directa en Noviembre.<\/p>\n<p>&#8220;Manejando la materia organica y la fertilidad del suelo apuntando a sistemas de producci\u00f3n sostenibles bajo siembra Directa&#8221;<\/p>\n<p>Disertante: Dr. Jo<em>\u00e3<\/em>o Carlos de Moraes S\u00e1 &#8211; Profesor Asociado de la Universidad Estudual de Ponta Grossa, Brasil.&nbsp; <a href=\"https:\/\/capeco.org.py\/wp-content\/uploads\/2019\/11\/JCMS-CV-resumido-Junho-de-2017.pdf\">Ver CV resumido<\/a>.<\/p>\n<p>Todas las actividades son totalmente gratuitas.&nbsp; No es necesario pre inscripci\u00f3n.<\/p>\n<p>La charla en la Universidad San Carlos est\u00e1 especialmente dirigida a estudiantes y maestros.<\/p>\n<p>Programa:<\/p>\n<table>\n<tbody>\n<tr>\n<td>N\u00b0<\/td>\n<td>D\u00eda y Fecha<\/td>\n<td>Lugar<\/td>\n<td>Actividad<\/td>\n<td>Local<\/td>\n<td>Duraci\u00f3n aprox.<\/td>\n<td>Organizan<\/td>\n<\/tr>\n<tr>\n<td>1<\/td>\n<td>Mart, 19\/nov<\/p>\n<p>20:00 h<\/td>\n<td>Bella Vista, Itap\u00faa<\/td>\n<td>Charla en Auditorio<\/td>\n<td><a href=\"https:\/\/goo.gl\/maps\/hdUGuVkZrtii2Ptr5\">Auditorio de la Universidad San Carlos &#8211; Filial Bella Vista<\/a><\/td>\n<td>50 min<\/td>\n<td>Capeco &amp; Universidad San Carlos de Bella Vista<\/td>\n<\/tr>\n<tr>\n<td>2<\/td>\n<td>Mi\u00e9rc, 20\/nov<\/p>\n<p>17:00 h&nbsp;<\/td>\n<td>San Ignacio, Misiones<\/td>\n<td>Peque\u00f1a Salida de campo<\/td>\n<td><a href=\"https:\/\/goo.gl\/maps\/TfxgvuMw6obqYzHBA\">Parcela de Jair Schneider<\/a><\/p>\n<p>&nbsp;<\/td>\n<td>&nbsp;40 min<\/td>\n<td>Capeco &amp; ARP Regional Misiones<\/td>\n<\/tr>\n<tr>\n<td>3<\/td>\n<td>Mi\u00e9rc, 20\/nov<\/p>\n<p>18:30 h<\/td>\n<td>San Ignacio, Misiones<\/td>\n<td>Charla en Auditorio<\/td>\n<td><a href=\"https:\/\/goo.gl\/maps\/kaic2YnpvDVyo2MQ8\">La Casa del Ganadero &#8211; ARP Regional Misiones<\/a>&nbsp;<\/td>\n<td>90 min<\/td>\n<td>Capeco &amp; ARP Regional Misiones<\/td>\n<\/tr>\n<tr>\n<td>4<\/td>\n<td>Juev, 21\/nov<\/p>\n<p>17:30 h<\/td>\n<td>Fram, Itap\u00faa<\/td>\n<td>Peque\u00f1a salida de campo<\/td>\n<td><a href=\"https:\/\/goo.gl\/maps\/n4VW9432v6SzoM2fA\">Parcela Roberto Terebuja<\/a><\/td>\n<td>40 min<\/td>\n<td>Capeco &amp; Industrias Trociuk<\/td>\n<\/tr>\n<tr>\n<td>5<\/td>\n<td>Juev, 21\/nov<\/p>\n<p>19:00 h<\/td>\n<td>Fram, Itap\u00faa<\/td>\n<td>Charla en Auditorio<\/td>\n<td><a href=\"https:\/\/goo.gl\/maps\/3C4KYniUkKmfH5596\">Restaurante y sal\u00f3n de eventos &#8220;Manjares Adela&#8221;<\/a><\/td>\n<td>90 min<\/td>\n<td>Capeco &amp; Industrias Trociuk<\/td>\n<\/tr>\n<tr>\n<td>6<\/td>\n<td>Vier, 22\/nov<\/p>\n<p>17:00 h<\/td>\n<td>Mbaracay\u00fa, Alto Paran\u00e1<\/td>\n<td>Peque\u00f1a Salida de campo<\/td>\n<td><a href=\"https:\/\/goo.gl\/maps\/LFnXPp1qVgGwpqtR9\">Parcela Paulinho Giacomelli<\/a><\/td>\n<td>40 min<\/td>\n<td>Capeco &amp; Asoc. Rural Mbaracay\u00fa<\/td>\n<\/tr>\n<tr>\n<td>7<\/td>\n<td>Vier, 22\/nov<\/p>\n<p>18:00 h<\/td>\n<td>Mbaracay\u00fa, Alto Paran\u00e1<\/td>\n<td>Charla en Auditorio<\/td>\n<td><a href=\"https:\/\/goo.gl\/maps\/XjaaFJz7cNPEoqsq7\">Quincho &#8211; Familia Giacomelli<\/a><\/td>\n<td>90 min<\/td>\n<td>Capeco &amp; Asoc. Rural Mbaracay\u00fa<\/td>\n<\/tr>\n<\/tbody>\n<\/table>\n<p><\/p>","protected":false},"excerpt":{"rendered":"<p>Sorry, this entry is only available in Espa\u00f1ol.Capeco ofrecer\u00e1 cuatro charlas de Capacitaci\u00f3n y tres peque\u00f1as salidas de campo referentes al Sistema de Siembra Directa en Noviembre. &#8220;Manejando la materia organica y la fertilidad del suelo apuntando a sistemas de producci\u00f3n sostenibles bajo siembra Directa&#8221; Disertante: Dr. Jo\u00e3o Carlos de Moraes S\u00e1 &#8211; Profesor Asociado [&hellip;]<\/p>\n","protected":false},"author":6,"featured_media":0,"comment_status":"closed","ping_status":"closed","sticky":false,"template":"","format":"standard","meta":{"_acf_changed":false,"ngg_post_thumbnail":0,"footnotes":""},"categories":[21],"tags":[],"class_list":["post-5598","post","type-post","status-publish","format-standard","hentry","category-charlas-eventos"],"better_featured_image":null,"acf":[],"_links":{"self":[{"href":"https:\/\/capeco.org.py\/en\/wp-json\/wp\/v2\/posts\/5598","targetHints":{"allow":["GET"]}}],"collection":[{"href":"https:\/\/capeco.org.py\/en\/wp-json\/wp\/v2\/posts"}],"about":[{"href":"https:\/\/capeco.org.py\/en\/wp-json\/wp\/v2\/types\/post"}],"author":[{"embeddable":true,"href":"https:\/\/capeco.org.py\/en\/wp-json\/wp\/v2\/users\/6"}],"replies":[{"embeddable":true,"href":"https:\/\/capeco.org.py\/en\/wp-json\/wp\/v2\/comments?post=5598"}],"version-history":[{"count":5,"href":"https:\/\/capeco.org.py\/en\/wp-json\/wp\/v2\/posts\/5598\/revisions"}],"predecessor-version":[{"id":5621,"href":"https:\/\/capeco.org.py\/en\/wp-json\/wp\/v2\/posts\/5598\/revisions\/5621"}],"wp:attachment":[{"href":"https:\/\/capeco.org.py\/en\/wp-json\/wp\/v2\/media?parent=5598"}],"wp:term":[{"taxonomy":"category","embeddable":true,"href":"https:\/\/capeco.org.py\/en\/wp-json\/wp\/v2\/categories?post=5598"},{"taxonomy":"post_tag","embeddable":true,"href":"https:\/\/capeco.org.py\/en\/wp-json\/wp\/v2\/tags?post=5598"}],"curies":[{"name":"wp","href":"https:\/\/api.w.org\/{rel}","templated":true}]}}