{"id":5515,"date":"2019-07-22T13:12:55","date_gmt":"2019-07-22T17:12:55","guid":{"rendered":"http:\/\/capeco.org.py\/?p=5515"},"modified":"2019-07-24T08:56:01","modified_gmt":"2019-07-24T12:56:01","slug":"capacitacion-en-aplicacion-de-cal-y-yeso-2019","status":"publish","type":"post","link":"https:\/\/capeco.org.py\/en\/2019\/07\/22\/capacitacion-en-aplicacion-de-cal-y-yeso-2019\/","title":{"rendered":"(Espa\u00f1ol) Capacitaci\u00f3n en aplicaci\u00f3n de CAL y YESO &#8211; 2019"},"content":{"rendered":"<p class=\"qtranxs-available-languages-message qtranxs-available-languages-message-en\">Sorry, this entry is only available in <a href=\"https:\/\/capeco.org.py\/es\/wp-json\/wp\/v2\/posts\/5515\" class=\"qtranxs-available-language-link qtranxs-available-language-link-es\" title=\"Espa\u00f1ol\">Espa\u00f1ol<\/a>.<\/p><p>La Capeco, en alianza con asociaciones y actores claves, ofrecer\u00e1 charlas de capacitaci\u00f3n sobre la Correcta aplicaci\u00f3n de CAL y YESO como mejoradores del suelo bajo el Sistema de Siembra Directa.<\/p>\n<p>Los expositores ser\u00e1n el Agr. Mag\u00edn Meza y M.Sc. Ing. Agr. Ken Moriya, ambos con amplia experiencia y trayectoria en el manejo, correcci\u00f3n y mejoramiento de los suelos destinados a la producci\u00f3n.&nbsp; El Agr. Mag\u00edn Meza estar\u00e1 disertando sobre la inclusi\u00f3n de los abonos verdes y la rotaci\u00f3n de cultivos. A la vez que el Ing. Agr. Ken Moriya estar\u00e1 abordando temas relacionados a la correcta aplicaci\u00f3n de Cal y Yeso como: an\u00e1lisis de suelo, concepto de acidez, consecuencias de la acidez, disponibilidad de nutrientes, caracter\u00edsticas f\u00edsicas qu\u00edmicas y biol\u00f3gicas del suelo, forma de actuaci\u00f3n y aplicaci\u00f3n de la Cal y el Yeso, caracter\u00edsticas de la cal y yeso, PRNT, tiempo de liberaci\u00f3n, efectos, etc.<\/p>\n<p>El acceso es totalmente libre y gratuito.&nbsp; NO es necesaria la pre inscripci\u00f3n.<\/p>\n<p>Esta dirigido a Agricultores, T\u00e9cnicos, Vendedores de insumos y maquinarias, docentes y estudiantes.<\/p>\n<p>Duraci\u00f3n: 120 minutos aproximadamente.<\/p>\n<table>\n<tbody>\n<tr>\n<td>Nro<\/td>\n<td>Fecha<\/td>\n<td>Lugar<\/td>\n<td>Hora<\/td>\n<td>Local<\/td>\n<td>Invitan<\/td>\n<\/tr>\n<tr>\n<td>1<\/td>\n<td>30\/jul<\/td>\n<td>Mbaracay\u00fa, Alto Paran\u00e1<\/td>\n<td>18:00<\/td>\n<td>Asoc. Rural Mbaracay\u00fa &#8211; Camino a Puerto Indio.<\/td>\n<td>Asoc. Rural Mbaracay\u00fa&nbsp; y la CAPECO<\/td>\n<\/tr>\n<tr>\n<td>2<\/td>\n<td>31\/jul<\/td>\n<td>Edelira 28, Itap\u00faa*<\/td>\n<td>13:00<\/td>\n<td>Sal\u00f3n de Eventos Thiago, Ruta VI<\/td>\n<td>Asoc. de Siembra Directa a Tracci\u00f3n Animal (ASDTA) y la CAPECO<\/td>\n<\/tr>\n<tr>\n<td>3<\/td>\n<td>01\/ago<\/td>\n<td>Fram, Itap\u00faa<\/td>\n<td>18:00<\/td>\n<td>Sal\u00f3n Comedor Trociuk, Ruta Graneros del Sur<\/td>\n<td>Empresa Trociuk y la CAPECO<\/td>\n<\/tr>\n<tr>\n<td>4<\/td>\n<td>02\/ago<\/td>\n<td>San Ignacio, Misiones<\/td>\n<td>18:00<\/td>\n<td>La casa del Ganadero, ARP, Regional Misiones<\/td>\n<td>ARP &#8211; Regional Misiones y la CAPECO<\/td>\n<\/tr>\n<\/tbody>\n<\/table>\n<p>*Posterior a la charla en Edelira 28, se tendr\u00e1 una salida de campo para visitar la colecci\u00f3n de abonos verdes en Edelira 30, 3ra l\u00ednea.&nbsp; Cada uno debe ir por sur propios medios.<\/p>","protected":false},"excerpt":{"rendered":"<p>Sorry, this entry is only available in Espa\u00f1ol.La Capeco, en alianza con asociaciones y actores claves, ofrecer\u00e1 charlas de capacitaci\u00f3n sobre la Correcta aplicaci\u00f3n de CAL y YESO como mejoradores del suelo bajo el Sistema de Siembra Directa. Los expositores ser\u00e1n el Agr. Mag\u00edn Meza y M.Sc. Ing. Agr. Ken Moriya, ambos con amplia experiencia [&hellip;]<\/p>\n","protected":false},"author":6,"featured_media":0,"comment_status":"closed","ping_status":"closed","sticky":false,"template":"","format":"standard","meta":{"_acf_changed":false,"ngg_post_thumbnail":0,"footnotes":""},"categories":[21],"tags":[],"class_list":["post-5515","post","type-post","status-publish","format-standard","hentry","category-charlas-eventos"],"better_featured_image":null,"acf":[],"_links":{"self":[{"href":"https:\/\/capeco.org.py\/en\/wp-json\/wp\/v2\/posts\/5515","targetHints":{"allow":["GET"]}}],"collection":[{"href":"https:\/\/capeco.org.py\/en\/wp-json\/wp\/v2\/posts"}],"about":[{"href":"https:\/\/capeco.org.py\/en\/wp-json\/wp\/v2\/types\/post"}],"author":[{"embeddable":true,"href":"https:\/\/capeco.org.py\/en\/wp-json\/wp\/v2\/users\/6"}],"replies":[{"embeddable":true,"href":"https:\/\/capeco.org.py\/en\/wp-json\/wp\/v2\/comments?post=5515"}],"version-history":[{"count":4,"href":"https:\/\/capeco.org.py\/en\/wp-json\/wp\/v2\/posts\/5515\/revisions"}],"predecessor-version":[{"id":5520,"href":"https:\/\/capeco.org.py\/en\/wp-json\/wp\/v2\/posts\/5515\/revisions\/5520"}],"wp:attachment":[{"href":"https:\/\/capeco.org.py\/en\/wp-json\/wp\/v2\/media?parent=5515"}],"wp:term":[{"taxonomy":"category","embeddable":true,"href":"https:\/\/capeco.org.py\/en\/wp-json\/wp\/v2\/categories?post=5515"},{"taxonomy":"post_tag","embeddable":true,"href":"https:\/\/capeco.org.py\/en\/wp-json\/wp\/v2\/tags?post=5515"}],"curies":[{"name":"wp","href":"https:\/\/api.w.org\/{rel}","templated":true}]}}