{"id":5172,"date":"2018-09-20T16:03:17","date_gmt":"2018-09-20T20:03:17","guid":{"rendered":"http:\/\/capeco.org.py\/?p=5172"},"modified":"2019-01-21T09:07:16","modified_gmt":"2019-01-21T12:07:16","slug":"charlas-de-manejo-integrado-de-plagas-en-soja-noviembre-2018","status":"publish","type":"post","link":"https:\/\/capeco.org.py\/en\/2018\/09\/20\/charlas-de-manejo-integrado-de-plagas-en-soja-noviembre-2018\/","title":{"rendered":"(Espa\u00f1ol) Charlas sobre Manejo Integrado de Plagas en Soja &#8211; Nov 2018"},"content":{"rendered":"<p class=\"qtranxs-available-languages-message qtranxs-available-languages-message-en\">Sorry, this entry is only available in <a href=\"https:\/\/capeco.org.py\/es\/wp-json\/wp\/v2\/posts\/5172\" class=\"qtranxs-available-language-link qtranxs-available-language-link-es\" title=\"Espa\u00f1ol\">Espa\u00f1ol<\/a>.<\/p><p>Para ver el resultado de las charlas y acceder a la presentaci\u00f3n <a href=\"https:\/\/capeco.org.py\/2019\/01\/18\/5361\/\">clic aqu\u00ed<\/a><\/p>\n<p>La Capeco invita cordialmente a charlas de capacitaci\u00f3n sobre manejo integrado de plagas (MIP) en soja.&nbsp;<\/p>\n<p>Las mismas se desarrollar\u00e1n en ocho zonas del \u00e1rea productiva.&nbsp;<\/p>\n<p>Se dar\u00e1 un enfoque claro y pr\u00e1ctico para la identificaci\u00f3n y manejo de plagas en todas las fases de desarrollo de la soja hasta la cosecha: orugas, chinches, trips, \u00e1caros, mosca blanca, etc.<\/p>\n<p>Disertante: Ing. Agr. M. Sc. Stella Candia, entom\u00f3loga (experta en entomolog\u00eda).<\/p>\n<p>Acceso libre y gratuito.&nbsp;<\/p>\n<p>Especialmente dirigidas a agricultores, tambi\u00e9n t\u00e9cnicos y estudiantes.&nbsp;&nbsp;<\/p>\n<p>Duraci\u00f3n: 90 minutos aproximadamente.<\/p>\n<table>\n<tbody>\n<tr>\n<td><strong>N\u00b0<\/strong><\/td>\n<td><strong>Fecha<\/strong><\/td>\n<td><strong>Hora<\/strong><\/td>\n<td><strong>Distrito &#8211; Departamento<\/strong><\/td>\n<td><strong>Lugar<\/strong><\/td>\n<\/tr>\n<tr>\n<td>1<\/td>\n<td>Martes, 13\/11\/2018<\/td>\n<td>18:30<\/td>\n<td>San Crist\u00f3bal &#8211; Alto Paran\u00e1<\/td>\n<td>Club AFAP<\/td>\n<\/tr>\n<tr>\n<td>2<\/td>\n<td>Mi\u00e9rcoles, 14\/11\/2018<\/td>\n<td>18:30<\/td>\n<td>Mar\u00eda Auxiliadora &#8211; Itap\u00faa<\/td>\n<td>Quincho de la Sucursal de la CCU<\/td>\n<\/tr>\n<tr>\n<td>3<\/td>\n<td>Jueves, 15\/11\/2018<\/td>\n<td>19:00<\/td>\n<td>Fram &#8211; Itap\u00faa<\/td>\n<td>Trociuk (sal\u00f3n comedor)<\/td>\n<\/tr>\n<tr>\n<td>4<\/td>\n<td>Martes, 20\/11\/2018<\/td>\n<td>08:00<\/td>\n<td>Campo 9 (Campo 5) &#8211; Caaguaz\u00fa<\/td>\n<td>Sal\u00f3n Auditorio Coop. Sommerfeld &#8211; Campo 5<\/td>\n<\/tr>\n<tr>\n<td>5<\/td>\n<td>Mi\u00e9rcoles, 21\/11\/2018<\/td>\n<td>18:00<\/td>\n<td>Mbaracay\u00fa &#8211; Alto Paran\u00e1<\/td>\n<td>Asoc. Rural y Cultural Mbaracay\u00fa<\/td>\n<\/tr>\n<tr>\n<td>6<\/td>\n<td>Jueves, 22\/11\/2018<\/td>\n<td>19:00<\/td>\n<td>Curuguaty &#8211; Canindey\u00fa<\/td>\n<td>Orient Palace Hotel<\/td>\n<\/tr>\n<tr>\n<td>7<\/td>\n<td>Lunes, 26\/11\/2018<\/td>\n<td>19:30<\/td>\n<td>Col. Friesland* &#8211; San Pedro<\/td>\n<td>Sal\u00f3n Auditorio-Dpto. Agropecuario*<\/td>\n<\/tr>\n<tr>\n<td>8<\/td>\n<td>Mi\u00e9rcoles, 28\/11\/2018<\/td>\n<td>09:00<\/td>\n<td>Loma Plata &#8211; Chaco<\/td>\n<td>Auditorio &#8211; Pioneros del Chaco S.A.<\/td>\n<\/tr>\n<\/tbody>\n<\/table>\n<p>*Confirmar participaci\u00f3n en Colonia Friesland con la Ing. Agr. Lilian Martens +595981389941<\/p>\n<p>No es necesario pre inscripci\u00f3n.<\/p>\n<p>M\u00e1s informaciones:<\/p>\n<p>021 208855 +595984817260<\/p>\n<p>&nbsp;<\/p>\n<p>CV resumido &#8211; Ing. Agr. M. Sc. Stella Candia:<\/p>\n<ul>\n<li>INGENIERA AGR\u00d3NOMA DE LA UNIVERSIDAD NACIONAL DE ASUNCI\u00d3N.<\/li>\n<li>CON MAESTR\u00cdA EN PROTECCI\u00d3N VEGETAL EN LA UNIVERSIDAD NACIONAL DE ASUNCI\u00d3N.<\/li>\n<li>POST GRADO EN LA UNIVERSIDAD DE KOBE- JAP\u00d3N EN PROTECCI\u00d3N VEGETAL Y MANEJO INTEGRADO DE PLAGAS.<\/li>\n<li>13 A\u00d1OS DE EXPERIENCIA EN EL \u00c1REA DE ENTOMOLOG\u00cdA, EN EL CENTRO REGIONAL DE INVESTIGACI\u00d3N AGR\u00cdCOLA, DEL MINISTERIO DE AGRICULTURA Y GANADER\u00cdA.<\/li>\n<li>TRABAJ\u00d3 9 A\u00d1OS COMO JEFE DE DESARROLLO DE INSECTICIDAS EN LA EMPRESA TECNOMYL S.A<\/li>\n<li>TRABAJ\u00d3 3 A\u00d1OS COMO JEFE DE DESARROLLO PARAGUAY \u2013 BOLIVIA EN LA EMPRESA BAYER CROPSCIENSES.<\/li>\n<li>ACTUALMENTE TRABAJA EN LA CONSULTORA&nbsp; MAS INVESTIGACI\u00d3N Y DESARROLLO AGRON\u00d3MICO.<\/li>\n<li>SE DESEMPE\u00d1A COMO DOCENTE EN LA FACULTAD DE CIENCIAS AGROPECUARIAS DE UNIVERSIDAD CAT\u00d3LICA DE ASUNCI\u00d3N. CAMPUS ITAP\u00daA.<\/li>\n<li>DOCENTE DE LA UNIVERSIDAD NACIONAL DE ITAP\u00daA. UNI.<\/li>\n<\/ul>\n<p><\/p>","protected":false},"excerpt":{"rendered":"<p>Sorry, this entry is only available in Espa\u00f1ol.Para ver el resultado de las charlas y acceder a la presentaci\u00f3n clic aqu\u00ed La Capeco invita cordialmente a charlas de capacitaci\u00f3n sobre manejo integrado de plagas (MIP) en soja.&nbsp; Las mismas se desarrollar\u00e1n en ocho zonas del \u00e1rea productiva.&nbsp; Se dar\u00e1 un enfoque claro y pr\u00e1ctico para [&hellip;]<\/p>\n","protected":false},"author":6,"featured_media":0,"comment_status":"closed","ping_status":"closed","sticky":false,"template":"","format":"standard","meta":{"_acf_changed":false,"ngg_post_thumbnail":0,"footnotes":""},"categories":[21],"tags":[54,38,59,61,60,51],"class_list":["post-5172","post","type-post","status-publish","format-standard","hentry","category-charlas-eventos","tag-54","tag-capeco","tag-charla","tag-mip","tag-plagas","tag-soja"],"better_featured_image":null,"acf":[],"_links":{"self":[{"href":"https:\/\/capeco.org.py\/en\/wp-json\/wp\/v2\/posts\/5172","targetHints":{"allow":["GET"]}}],"collection":[{"href":"https:\/\/capeco.org.py\/en\/wp-json\/wp\/v2\/posts"}],"about":[{"href":"https:\/\/capeco.org.py\/en\/wp-json\/wp\/v2\/types\/post"}],"author":[{"embeddable":true,"href":"https:\/\/capeco.org.py\/en\/wp-json\/wp\/v2\/users\/6"}],"replies":[{"embeddable":true,"href":"https:\/\/capeco.org.py\/en\/wp-json\/wp\/v2\/comments?post=5172"}],"version-history":[{"count":5,"href":"https:\/\/capeco.org.py\/en\/wp-json\/wp\/v2\/posts\/5172\/revisions"}],"predecessor-version":[{"id":5369,"href":"https:\/\/capeco.org.py\/en\/wp-json\/wp\/v2\/posts\/5172\/revisions\/5369"}],"wp:attachment":[{"href":"https:\/\/capeco.org.py\/en\/wp-json\/wp\/v2\/media?parent=5172"}],"wp:term":[{"taxonomy":"category","embeddable":true,"href":"https:\/\/capeco.org.py\/en\/wp-json\/wp\/v2\/categories?post=5172"},{"taxonomy":"post_tag","embeddable":true,"href":"https:\/\/capeco.org.py\/en\/wp-json\/wp\/v2\/tags?post=5172"}],"curies":[{"name":"wp","href":"https:\/\/api.w.org\/{rel}","templated":true}]}}