{"id":5131,"date":"2018-07-06T16:27:19","date_gmt":"2018-07-06T20:27:19","guid":{"rendered":"http:\/\/capeco.org.py\/?p=5131"},"modified":"2018-08-14T13:16:10","modified_gmt":"2018-08-14T17:16:10","slug":"charlas-sobre-limires-maximos-de-residuos","status":"publish","type":"post","link":"https:\/\/capeco.org.py\/en\/2018\/07\/06\/charlas-sobre-limires-maximos-de-residuos\/","title":{"rendered":"(Espa\u00f1ol) Charlas sobre L\u00edmites M\u00e1ximos de Residuos (LMR) &#8211; jul\/ago 2018"},"content":{"rendered":"<p class=\"qtranxs-available-languages-message qtranxs-available-languages-message-en\">Sorry, this entry is only available in <a href=\"https:\/\/capeco.org.py\/es\/wp-json\/wp\/v2\/posts\/5131\" class=\"qtranxs-available-language-link qtranxs-available-language-link-es\" title=\"Espa\u00f1ol\">Espa\u00f1ol<\/a>.<\/p><p>La Capeco (C\u00e1mara Paraguaya de Exportadores y Comercializadores de Cereales y Oleaginosas) junto con el Senave, Cafyf y Capasagro, est\u00e1n impulsando giras de charlas que cubrir\u00e1n la mayor parte del \u00e1rea agr\u00edcola del pa\u00eds&nbsp;informando al agricultor sobre los L\u00edmites M\u00e1ximos de Residuos (LMR) que est\u00e1n siendo m\u00e1s restrictivos en muchos pa\u00edses importadores, pudiendo eso traducirse en una barrera &nbsp;comercial para nuestras exportaciones de granos (soja, ma\u00edz, trigo, etc) y subproductos.<\/p>\n<p>El acceso es libre, y est\u00e1 dirigida a agricultores, t\u00e9cnicos, ingenieros agr\u00f3nomos, vendedores de agroinsumos, estudiantes, etc.<\/p>\n<p>Lo invitamos a participar cordialmente de estas charlas que se desarrollar\u00e1n en 23 puntos del pa\u00eds:<\/p>\n<p>Para m\u00e1s informaciones comunicarse al tel\u00e9fono: +595984817260<\/p>\n<table width=\"480\">\n<tbody>\n<tr>\n<td width=\"80\">D\u00eda<\/td>\n<td width=\"80\">Hora<\/td>\n<td width=\"80\">Fecha<\/td>\n<td width=\"80\">Departamento<\/td>\n<td width=\"80\">Ciudad\/Distrito<\/td>\n<td width=\"80\">Predio<\/td>\n<\/tr>\n<tr>\n<td>Mi\u00e9rcoles<\/td>\n<td>14:00<\/td>\n<td>11\/07\/2018<\/td>\n<td>Itap\u00faa<\/td>\n<td>La Paz<\/td>\n<td>Coop. La Paz (Sal\u00f3n de socios)<\/td>\n<\/tr>\n<tr>\n<td>Mi\u00e9rcoles<\/td>\n<td>18:00<\/td>\n<td>11\/07\/2018<\/td>\n<td>Itap\u00faa<\/td>\n<td>Fram<\/td>\n<td>Trociuk (Sal\u00f3n comedor)<\/td>\n<\/tr>\n<tr>\n<td>Jueves<\/td>\n<td>14:00<\/td>\n<td>12\/07\/2018<\/td>\n<td>Itap\u00faa<\/td>\n<td>Pirap\u00f3<\/td>\n<td>Coop. Pirap\u00f3 (Local asist. T\u00e9cnica)<\/td>\n<\/tr>\n<tr>\n<td>Martes<\/td>\n<td>18:00<\/td>\n<td>17\/07\/2018<\/td>\n<td>Itap\u00faa<\/td>\n<td>Hohenau<\/td>\n<td>CCU &#8211; Agrodin\u00e1mica<\/td>\n<\/tr>\n<tr>\n<td>Mi\u00e9rcoles<\/td>\n<td>08:30<\/td>\n<td>18\/07\/2018<\/td>\n<td>Itap\u00faa<\/td>\n<td>Capit\u00e1n Meza<\/td>\n<td>CCU &#8211; Quincho de la sucursal CCU<\/td>\n<\/tr>\n<tr>\n<td>Mi\u00e9rcoles<\/td>\n<td>18:00<\/td>\n<td>18\/07\/2018<\/td>\n<td>Itap\u00faa<\/td>\n<td>Mar\u00eda Auxiliadora<\/td>\n<td>CCU &#8211; Quincho de la sucursal CCU<\/td>\n<\/tr>\n<tr>\n<td>Jueves<\/td>\n<td>08:30<\/td>\n<td>19\/07\/2018<\/td>\n<td>Itap\u00faa<\/td>\n<td>Naranjito<\/td>\n<td>Coop. Naranjito<\/td>\n<\/tr>\n<tr>\n<td>Jueves<\/td>\n<td>16:00<\/td>\n<td>19\/07\/2018<\/td>\n<td>Itap\u00faa<\/td>\n<td>Carlos A. L\u00f3pez<\/td>\n<td>Sal\u00f3n de usos m\u00faltiples (SUM) de la escuela&nbsp; \u201cHeinfried Wolfgang Kress\u201d<\/td>\n<\/tr>\n<tr>\n<td>Martes<\/td>\n<td>08:00<\/td>\n<td>31\/07\/2018<\/td>\n<td>Alto Paran\u00e1<\/td>\n<td>Naranjal<\/td>\n<td>Sal\u00f3n Auditorio de Copronar en Agroshow<\/td>\n<\/tr>\n<tr>\n<td>Mi\u00e9rcoles<\/td>\n<td>08:00<\/td>\n<td>01\/08\/2018<\/td>\n<td>Alto Paran\u00e1<\/td>\n<td>Ra\u00fal Pe\u00f1a<\/td>\n<td>Sal\u00f3n Auditorio Coop. Ra\u00fal Pe\u00f1a<\/td>\n<\/tr>\n<tr>\n<td>Mi\u00e9rcoles<\/td>\n<td>18:00<\/td>\n<td>01\/08\/2018<\/td>\n<td>Alto Paran\u00e1<\/td>\n<td>Curupayty<\/td>\n<td>Auditorio Coop. Uni\u00f3n Curupayty<\/td>\n<\/tr>\n<tr>\n<td>Jueves<\/td>\n<td>09:00<\/td>\n<td>02\/08\/2018<\/td>\n<td>Alto Paran\u00e1<\/td>\n<td>Hernandarias<\/td>\n<td>Quincho de la semiller\u00eda AgroSanta Rosa<\/td>\n<\/tr>\n<tr>\n<td>Jueves<\/td>\n<td>18:00<\/td>\n<td>02\/08\/2018<\/td>\n<td>Alto Paran\u00e1<\/td>\n<td>Mbaracay\u00fa<\/td>\n<td>Asoc. Rural y Cultural Mbaracay\u00fa<\/td>\n<\/tr>\n<tr>\n<td>Viernes<\/td>\n<td>08:00<\/td>\n<td>03\/08\/2018<\/td>\n<td>Canindey\u00fa<\/td>\n<td>Katuet\u00e9<\/td>\n<td>Hotel Katuet\u00e9<\/td>\n<\/tr>\n<tr>\n<td>Viernes<\/td>\n<td>14:00<\/td>\n<td>03\/08\/2018<\/td>\n<td>Canindey\u00fa<\/td>\n<td>Nueva Esperanza (Troncal 4)<\/td>\n<td>Sal\u00f3n Teatro Municipal<\/td>\n<\/tr>\n<tr>\n<td>Lunes<\/td>\n<td>19:00<\/td>\n<td>06\/08\/2018<\/td>\n<td>San Pedro<\/td>\n<td>Col. Friesland<\/td>\n<td>Sal\u00f3n Auditorio del Dpto. Agropecuario de la Coop. Friesland<\/td>\n<\/tr>\n<tr>\n<td>Martes<\/td>\n<td>18:00<\/td>\n<td>07\/08\/2018<\/td>\n<td>San Pedro<\/td>\n<td>Sta Rosa del A<\/td>\n<td>Hotel Cristal<\/td>\n<\/tr>\n<tr>\n<td>Mi\u00e9rcoles<\/td>\n<td>18:00<\/td>\n<td>08\/08\/2018<\/td>\n<td>Canindey\u00fa<\/td>\n<td>Curuguaty<\/td>\n<td>Orient Palace Hotel<\/td>\n<\/tr>\n<tr>\n<td>Jueves<\/td>\n<td>18:00<\/td>\n<td>09\/08\/2018<\/td>\n<td>Alto Paran\u00e1<\/td>\n<td>Yguaz\u00fa<\/td>\n<td>Sal\u00f3n Auditorio Coop. Yguaz\u00fa<\/td>\n<\/tr>\n<tr>\n<td>Jueves<\/td>\n<td>17:00<\/td>\n<td>16\/08\/2018<\/td>\n<td>Misiones<\/td>\n<td>San Ignacio<\/td>\n<td>Casa del Ganadero (ARP)<\/td>\n<\/tr>\n<tr>\n<td>Viernes<\/td>\n<td>14:00<\/td>\n<td>17\/08\/2018<\/td>\n<td>Alto Paran\u00e1<\/td>\n<td>San Crist\u00f3bal<\/td>\n<td>Club AFAP<\/td>\n<\/tr>\n<tr>\n<td>Mi\u00e9rcoles<\/td>\n<td>15:00<\/td>\n<td>22\/08\/2018<\/td>\n<td>Caaguaz\u00fa<\/td>\n<td>Campo 9<\/td>\n<td>Churrasquer\u00eda Sul Americana<\/td>\n<\/tr>\n<tr>\n<td>Jueves<\/td>\n<td>09:00<\/td>\n<td>23\/08\/2018<\/td>\n<td>Alto Paran\u00e1<\/td>\n<td>Santa Rita<\/td>\n<td>Sal\u00f3n de eventos &#8211; Unicoop<\/td>\n<\/tr>\n<\/tbody>\n<\/table>\n<p><\/p>","protected":false},"excerpt":{"rendered":"<p>Sorry, this entry is only available in Espa\u00f1ol.La Capeco (C\u00e1mara Paraguaya de Exportadores y Comercializadores de Cereales y Oleaginosas) junto con el Senave, Cafyf y Capasagro, est\u00e1n impulsando giras de charlas que cubrir\u00e1n la mayor parte del \u00e1rea agr\u00edcola del pa\u00eds&nbsp;informando al agricultor sobre los L\u00edmites M\u00e1ximos de Residuos (LMR) que est\u00e1n siendo m\u00e1s restrictivos [&hellip;]<\/p>\n","protected":false},"author":6,"featured_media":0,"comment_status":"closed","ping_status":"closed","sticky":false,"template":"","format":"standard","meta":{"_acf_changed":false,"ngg_post_thumbnail":0,"footnotes":""},"categories":[21],"tags":[],"class_list":["post-5131","post","type-post","status-publish","format-standard","hentry","category-charlas-eventos"],"better_featured_image":null,"acf":[],"_links":{"self":[{"href":"https:\/\/capeco.org.py\/en\/wp-json\/wp\/v2\/posts\/5131","targetHints":{"allow":["GET"]}}],"collection":[{"href":"https:\/\/capeco.org.py\/en\/wp-json\/wp\/v2\/posts"}],"about":[{"href":"https:\/\/capeco.org.py\/en\/wp-json\/wp\/v2\/types\/post"}],"author":[{"embeddable":true,"href":"https:\/\/capeco.org.py\/en\/wp-json\/wp\/v2\/users\/6"}],"replies":[{"embeddable":true,"href":"https:\/\/capeco.org.py\/en\/wp-json\/wp\/v2\/comments?post=5131"}],"version-history":[{"count":6,"href":"https:\/\/capeco.org.py\/en\/wp-json\/wp\/v2\/posts\/5131\/revisions"}],"predecessor-version":[{"id":5159,"href":"https:\/\/capeco.org.py\/en\/wp-json\/wp\/v2\/posts\/5131\/revisions\/5159"}],"wp:attachment":[{"href":"https:\/\/capeco.org.py\/en\/wp-json\/wp\/v2\/media?parent=5131"}],"wp:term":[{"taxonomy":"category","embeddable":true,"href":"https:\/\/capeco.org.py\/en\/wp-json\/wp\/v2\/categories?post=5131"},{"taxonomy":"post_tag","embeddable":true,"href":"https:\/\/capeco.org.py\/en\/wp-json\/wp\/v2\/tags?post=5131"}],"curies":[{"name":"wp","href":"https:\/\/api.w.org\/{rel}","templated":true}]}}