{"id":4893,"date":"2017-12-27T08:52:13","date_gmt":"2017-12-27T11:52:13","guid":{"rendered":"http:\/\/capeco.org.py\/?p=4893"},"modified":"2017-12-27T08:52:13","modified_gmt":"2017-12-27T11:52:13","slug":"aparece-la-nina-debil-y-da-inicio-a-la-zafra-de-la-transicion","status":"publish","type":"post","link":"https:\/\/capeco.org.py\/en\/2017\/12\/27\/aparece-la-nina-debil-y-da-inicio-a-la-zafra-de-la-transicion\/","title":{"rendered":"(Espa\u00f1ol) Aparece La Ni\u00f1a d\u00e9bil y da inicio a la zafra de la transici\u00f3n"},"content":{"rendered":"<p class=\"qtranxs-available-languages-message qtranxs-available-languages-message-en\">Sorry, this entry is only available in <a href=\"https:\/\/capeco.org.py\/es\/wp-json\/wp\/v2\/posts\/4893\" class=\"qtranxs-available-language-link qtranxs-available-language-link-es\" title=\"Espa\u00f1ol\">Espa\u00f1ol<\/a>.<\/p><p>La presente campa\u00f1a agr\u00edcola 2017\/18 fue calificada de transici\u00f3n, debido a la aparici\u00f3n del fen\u00f3meno clim\u00e1tico La Ni\u00f1a, cuyo nivel de intensidad es d\u00e9bil, por lo que ser\u00eda incapaz de generar fuertes mermas en la presente zafra de verano, seg\u00fan las proyecciones agroclim\u00e1ticas presentadas a la prensa por el Ing. Agr. Eduardo Sierra, experto agroclim\u00e1tico argentino, asesor de la C\u00e1mara Paraguaya de Exportadores y Comercializadores de Cereales y Oleaginosas (Capeco).<br \/>\nDescribi\u00f3 que esta campa\u00f1a agr\u00edcola de transici\u00f3n (2017\/18), en la que aparece La Ni\u00f1a (leve), conecta la anterior zafra 2016\/17 -caracterizada por la buena humedad que ayud\u00f3 a lograr altos rendimientos y una producci\u00f3n r\u00e9cord de soja- a la campa\u00f1a 2018\/19 en la que se presentar\u00edan niveles de seca que podr\u00edan afectar el desarrollo de la producci\u00f3n agr\u00edcola.<br \/>\nSierra dijo que en octubre pasado se inici\u00f3 un periodo bastante lluvioso y en noviembre hubo moderadas precipitaciones. En cambio, durante los primeros 20 d\u00edas de diciembre se present\u00f3 una sequ\u00eda importante, dando paso luego a las lluvias que llegaron en tiempo oportuno para salvar las parcelas de los cultivos de verano que est\u00e1n ingresando a la etapa de cargado de granos, en su gran mayor\u00eda.<br \/>\nEntre los niveles fluctuantes de precipitaciones tambi\u00e9n hubo episodios de calor, vientos y tormentas, raz\u00f3n por la cual se sec\u00f3 la capa superficial del suelo, lo que afect\u00f3 el desarrollo de los cultivos.<br \/>\nComent\u00f3 que en el Chaco, preferentemente en la zona de cultivo de las colonias menonitas, a\u00fan no se repuso la humedad deseada, aunque en la parte superficial est\u00e1 presente. Por su parte, en la regi\u00f3n Oriental, en donde est\u00e1 la principal zona agr\u00edcola de Paraguay, no hay humedad en la superficie, pero existen reservas en el suelo debido a las buenas lluvias anteriores.<br \/>\n\u201cEsto genera la incertidumbre sobre el resultado de la campa\u00f1a porque estamos teniendo lluvias que no son menos que el promedio normal, pero son irregulares\u201d, indic\u00f3.<br \/>\nExpres\u00f3 que se espera que durante los meses de enero y febrero se registren lluvias que ayudar\u00e1n a cubrir las necesidades de los cultivos, aunque no habr\u00e1 excedente de humedad. \u201cEstas lluvias ser\u00e1n suficientes. Sumadas a una buena tecnolog\u00eda y buen manejo, se puede llegar a buen t\u00e9rmino esta campa\u00f1a\u201d, acot\u00f3.<br \/>\nLa gran preocupaci\u00f3n se traslada al mes de marzo, cuando se podr\u00eda acentuar La Ni\u00f1a, dando paso a una etapa sin precipitaciones en pleno desarrollo de los cultivos de entrezafra (ma\u00edz y soja).<br \/>\nConcluy\u00f3 su exposici\u00f3n se\u00f1alando que para la campa\u00f1a 2017\/18  se observa un periodo regular de lluvias, pero s\u00ed genera un alto nivel de incertidumbre la zafra 2018\/19, porque existen antecedentes estad\u00edsticos de estos eventos en a\u00f1os anteriores. \u201cSe tuvo El Ni\u00f1o fuerte, una Ni\u00f1a d\u00e9bil (como ser\u00eda la presente zafra) y una Ni\u00f1a fuerte, que podr\u00eda darse en la campa\u00f1a siguiente. Son varios los periodos en los que se registraron estos comportamientos del clima\u201d, resalt\u00f3.<\/p>\n<p><\/p>","protected":false},"excerpt":{"rendered":"<p>Sorry, this entry is only available in Espa\u00f1ol.La presente campa\u00f1a agr\u00edcola 2017\/18 fue calificada de transici\u00f3n, debido a la aparici\u00f3n del fen\u00f3meno clim\u00e1tico La Ni\u00f1a, cuyo nivel de intensidad es d\u00e9bil, por lo que ser\u00eda incapaz de generar fuertes mermas en la presente zafra de verano, seg\u00fan las proyecciones agroclim\u00e1ticas presentadas a la prensa por [&hellip;]<\/p>\n","protected":false},"author":7,"featured_media":4894,"comment_status":"closed","ping_status":"closed","sticky":false,"template":"","format":"standard","meta":{"_acf_changed":false,"ngg_post_thumbnail":0,"footnotes":""},"categories":[20],"tags":[],"class_list":["post-4893","post","type-post","status-publish","format-standard","has-post-thumbnail","hentry","category-noticias"],"better_featured_image":{"id":4894,"alt_text":"","caption":"","description":"","media_type":"image","media_details":{"width":4288,"height":2848,"file":"2017\/12\/DSC_0377.jpg","sizes":{"thumbnail":{"file":"DSC_0377-150x150.jpg","width":150,"height":150,"mime-type":"image\/jpeg","source_url":"https:\/\/capeco.org.py\/wp-content\/uploads\/2017\/12\/DSC_0377-150x150.jpg"},"medium":{"file":"DSC_0377-300x199.jpg","width":300,"height":199,"mime-type":"image\/jpeg","source_url":"https:\/\/capeco.org.py\/wp-content\/uploads\/2017\/12\/DSC_0377-300x199.jpg"},"medium_large":{"file":"DSC_0377-768x510.jpg","width":768,"height":510,"mime-type":"image\/jpeg","source_url":"https:\/\/capeco.org.py\/wp-content\/uploads\/2017\/12\/DSC_0377-768x510.jpg"},"large":{"file":"DSC_0377-244x162.jpg","width":244,"height":162,"mime-type":"image\/jpeg","source_url":"https:\/\/capeco.org.py\/wp-content\/uploads\/2017\/12\/DSC_0377-244x162.jpg"}},"image_meta":{"aperture":"3.8","credit":"","camera":"NIKON D5000","caption":"","created_timestamp":"1514307940","copyright":"","focal_length":"20","iso":"800","shutter_speed":"0.0125","title":"","orientation":"1","keywords":[]}},"post":4893,"source_url":"https:\/\/capeco.org.py\/wp-content\/uploads\/2017\/12\/DSC_0377.jpg"},"acf":[],"_links":{"self":[{"href":"https:\/\/capeco.org.py\/en\/wp-json\/wp\/v2\/posts\/4893","targetHints":{"allow":["GET"]}}],"collection":[{"href":"https:\/\/capeco.org.py\/en\/wp-json\/wp\/v2\/posts"}],"about":[{"href":"https:\/\/capeco.org.py\/en\/wp-json\/wp\/v2\/types\/post"}],"author":[{"embeddable":true,"href":"https:\/\/capeco.org.py\/en\/wp-json\/wp\/v2\/users\/7"}],"replies":[{"embeddable":true,"href":"https:\/\/capeco.org.py\/en\/wp-json\/wp\/v2\/comments?post=4893"}],"version-history":[{"count":1,"href":"https:\/\/capeco.org.py\/en\/wp-json\/wp\/v2\/posts\/4893\/revisions"}],"predecessor-version":[{"id":4895,"href":"https:\/\/capeco.org.py\/en\/wp-json\/wp\/v2\/posts\/4893\/revisions\/4895"}],"wp:featuredmedia":[{"embeddable":true,"href":"https:\/\/capeco.org.py\/en\/wp-json\/wp\/v2\/media\/4894"}],"wp:attachment":[{"href":"https:\/\/capeco.org.py\/en\/wp-json\/wp\/v2\/media?parent=4893"}],"wp:term":[{"taxonomy":"category","embeddable":true,"href":"https:\/\/capeco.org.py\/en\/wp-json\/wp\/v2\/categories?post=4893"},{"taxonomy":"post_tag","embeddable":true,"href":"https:\/\/capeco.org.py\/en\/wp-json\/wp\/v2\/tags?post=4893"}],"curies":[{"name":"wp","href":"https:\/\/api.w.org\/{rel}","templated":true}]}}