{"id":4829,"date":"2017-12-05T12:13:36","date_gmt":"2017-12-05T15:13:36","guid":{"rendered":"http:\/\/capeco.org.py\/?p=4829"},"modified":"2017-12-29T09:29:10","modified_gmt":"2017-12-29T12:29:10","slug":"perspectivas-climaticas-para-el-chaco-paraguayo","status":"publish","type":"post","link":"https:\/\/capeco.org.py\/en\/2017\/12\/05\/perspectivas-climaticas-para-el-chaco-paraguayo\/","title":{"rendered":"(Espa\u00f1ol) NUEVA FECHA! PERSPECTIVAS CLIM\u00c1TICAS &#8211; CHACO"},"content":{"rendered":"<p class=\"qtranxs-available-languages-message qtranxs-available-languages-message-en\">Sorry, this entry is only available in <a href=\"https:\/\/capeco.org.py\/es\/wp-json\/wp\/v2\/posts\/4829\" class=\"qtranxs-available-language-link qtranxs-available-language-link-es\" title=\"Espa\u00f1ol\">Espa\u00f1ol<\/a>.<\/p><p>Toda la informaci\u00f3n (Fotos, videos, presentaciones):&nbsp;<a href=\"https:\/\/capeco.org.py\/2017\/12\/29\/charla-perspectiva-climatica-para-el-chaco-2018\/\">clic aqu\u00ed<\/a><\/p>\n<p>Luego que la primera charla fijada tuvo que ser cancelada por motivos de fuerza mayor (huelga en el aeropuerto argentino), la misma tiene una nueva fecha y lugar.<\/p>\n<p>El Prof. Eduardo Sierra, especialista en clima, estar\u00e1 ofreciendo una conferencia sobre las perspectivas clim\u00e1ticas para el Chaco Paraguayo dirigida a todos los interesados que deseen conocer el panorama del agroclima para este verano de 2018 (agricultores, ganaderos, civiles, t\u00e9cnicos, etc).&nbsp; \u00c9sta ser\u00e1 totalmente libre y gratuita.&nbsp; No es necesario inscribirse con antecedencia.&nbsp;<\/p>\n<p>Cu\u00e1ndo? mi\u00e9rcoles 27 de diciembre a las 18:00 hs.<\/p>\n<p>D\u00f3nde? Sal\u00f3n Auditorio del Servicio Agropecuario (SAP), Loma Plata &#8211; <a href=\"https:\/\/goo.gl\/maps\/by7yR1HJHc52\">clic aqu\u00ed<\/a><\/p>\n<p>Duraci\u00f3n? De 60 a 90 minutos dependiendo de la participaci\u00f3n del auditorio.<\/p>\n<p>M\u00e1s informaci\u00f3n: +595984817260<\/p>\n<p>Les esperamos!!<\/p>\n<p>&nbsp;<\/p>\n<p>&nbsp;<\/p>\n<p>&nbsp;<\/p>","protected":false},"excerpt":{"rendered":"<p>Sorry, this entry is only available in Espa\u00f1ol.Toda la informaci\u00f3n (Fotos, videos, presentaciones):&nbsp;clic aqu\u00ed Luego que la primera charla fijada tuvo que ser cancelada por motivos de fuerza mayor (huelga en el aeropuerto argentino), la misma tiene una nueva fecha y lugar. El Prof. Eduardo Sierra, especialista en clima, estar\u00e1 ofreciendo una conferencia sobre las [&hellip;]<\/p>\n","protected":false},"author":6,"featured_media":0,"comment_status":"closed","ping_status":"closed","sticky":false,"template":"","format":"standard","meta":{"_acf_changed":false,"ngg_post_thumbnail":0,"footnotes":""},"categories":[21],"tags":[],"class_list":["post-4829","post","type-post","status-publish","format-standard","hentry","category-charlas-eventos"],"better_featured_image":null,"acf":[],"_links":{"self":[{"href":"https:\/\/capeco.org.py\/en\/wp-json\/wp\/v2\/posts\/4829","targetHints":{"allow":["GET"]}}],"collection":[{"href":"https:\/\/capeco.org.py\/en\/wp-json\/wp\/v2\/posts"}],"about":[{"href":"https:\/\/capeco.org.py\/en\/wp-json\/wp\/v2\/types\/post"}],"author":[{"embeddable":true,"href":"https:\/\/capeco.org.py\/en\/wp-json\/wp\/v2\/users\/6"}],"replies":[{"embeddable":true,"href":"https:\/\/capeco.org.py\/en\/wp-json\/wp\/v2\/comments?post=4829"}],"version-history":[{"count":5,"href":"https:\/\/capeco.org.py\/en\/wp-json\/wp\/v2\/posts\/4829\/revisions"}],"predecessor-version":[{"id":4953,"href":"https:\/\/capeco.org.py\/en\/wp-json\/wp\/v2\/posts\/4829\/revisions\/4953"}],"wp:attachment":[{"href":"https:\/\/capeco.org.py\/en\/wp-json\/wp\/v2\/media?parent=4829"}],"wp:term":[{"taxonomy":"category","embeddable":true,"href":"https:\/\/capeco.org.py\/en\/wp-json\/wp\/v2\/categories?post=4829"},{"taxonomy":"post_tag","embeddable":true,"href":"https:\/\/capeco.org.py\/en\/wp-json\/wp\/v2\/tags?post=4829"}],"curies":[{"name":"wp","href":"https:\/\/api.w.org\/{rel}","templated":true}]}}